{"id":20223,"date":"2023-09-29T13:06:55","date_gmt":"2023-09-29T19:06:55","guid":{"rendered":"https:\/\/www.macquero.com\/?p=20223"},"modified":"2023-09-29T13:19:05","modified_gmt":"2023-09-29T19:19:05","slug":"la-polemica-con-los-iphone-15-pica-y-se-extiende","status":"publish","type":"post","link":"https:\/\/www.macquero.com\/en\/2023\/09\/la-polemica-con-los-iphone-15-pica-y-se-extiende\/","title":{"rendered":"La pol\u00e9mica con los iPhone 15 pica y se extiende."},"content":{"rendered":"<p>Los iPhone 15 Pro pueden ensuciarse f\u00e1cilmente al tocarlos, aunque Apple afirma que esto no representa un problema. Adem\u00e1s, proporciona consejos sobre c\u00f3mo limpiarlos. \u00a1Una informaci\u00f3n \u00fatil! (Risas).<\/p>\n\n\n\n<blockquote class=\"wp-block-quote is-layout-flow wp-block-quote-is-layout-flow\">\n<p>Es importante destacar que el titanio de los laterales de los iPhone 15 Pro puede experimentar decoloraci\u00f3n con el tiempo, pero no es un problema permanente. -No estoy seguro si la fuente est\u00e1 burl\u00e1ndose de esta situaci\u00f3n o simplemente considera que es una soluci\u00f3n muy conveniente.<\/p>\n<\/blockquote>\n\n\n\n<p>Adem\u00e1s de este peque\u00f1o inconveniente, y disculpen la redundancia, el verdadero desaf\u00edo radica en que la disipaci\u00f3n, del calor en los iPhone actuales no es eficiente debido a que el \u00e1rea, de disipaci\u00f3n es m\u00ednima. -Adem\u00e1s, la elecci\u00f3n del titanio como material ha afectado su eficiencia en este aspecto. Normalmente, se utiliza acero inoxidable o aluminio en lugar de titanio, ya que este \u00faltimo no es un buen conductor de calor. Esto repercute en la capacidad del dispositivo para disipar eficazmente la energ\u00eda t\u00e9rmica generada por el procesador durante las tareas b\u00e1sicas de un iPhone.<\/p>\n\n\n\n<h2 class=\"wp-block-heading\">Comunicado oficial<\/h2>\n\n\n\n<p>Al parecer, Apple ha emitido un comunicado de prensa en el que reconoce haber cometido un error grave. (Prefiero proporcionarte un enlace a un video para que puedas ver directamente la fuente y formar tu propia opini\u00f3n al respecto).<\/p>\n\n\n\n<figure class=\"wp-block-embed is-type-video is-provider-youtube wp-block-embed-youtube wp-embed-aspect-16-9 wp-has-aspect-ratio\"><div class=\"wp-block-embed__wrapper\">\n<span class=\"embed-youtube\" style=\"text-align:center; display: block;\"><iframe loading=\"lazy\" class=\"youtube-player\" width=\"640\" height=\"360\" src=\"https:\/\/www.youtube.com\/embed\/1amM_JD7yTI?version=3&#038;rel=1&#038;showsearch=0&#038;showinfo=1&#038;iv_load_policy=1&#038;fs=1&#038;hl=en-US&#038;autohide=2&#038;wmode=transparent\" allowfullscreen=\"true\" style=\"border:0;\" sandbox=\"allow-scripts allow-same-origin allow-popups allow-presentation allow-popups-to-escape-sandbox\"><\/iframe><\/span>\n<\/div><figcaption class=\"wp-element-caption\">Fuente: Tu Cosmopolis.<\/figcaption><\/figure>\n\n\n\n<h2 class=\"wp-block-heading\">\u00bfQu\u00e9 pasar\u00e1?<\/h2>\n\n\n\n<blockquote class=\"wp-block-quote is-layout-flow wp-block-quote-is-layout-flow\">\n<p>Es posible que Apple encuentre una soluci\u00f3n para el problema de sobrecalentamiento en futuras actualizaciones. <\/p>\n<\/blockquote>\n\n\n\n<p>Es muy probable que la empresa lance actualizaciones destinadas a abordar estos problemas en el iPhone 15 Pro. -Sin embargo, dado que este problema est\u00e1 relacionado con <strong>aspectos f\u00edsicos<\/strong>, es posible que se vea obligada a reducir la potencia del procesador como medida para mitigar el sobrecalentamiento.<\/p>\n\n\n\n<p>Personalmente, si tuviera los recursos, no comprar\u00eda el dispositivo incluso despu\u00e9s de las correcciones.<\/p>","protected":false},"excerpt":{"rendered":"<p>Los iPhone 15 Pro pueden ensuciarse f\u00e1cilmente al tocarlos, aunque Apple afirma que esto no representa un problema. Adem\u00e1s, proporciona consejos sobre c\u00f3mo limpiarlos. \u00a1Una informaci\u00f3n \u00fatil! (Risas). Es importante destacar que el titanio de los laterales de los iPhone 15 Pro puede experimentar decoloraci\u00f3n con el tiempo, pero no es un problema permanente. -No &hellip;<\/p>","protected":false},"author":2,"featured_media":20227,"comment_status":"closed","ping_status":"closed","sticky":false,"template":"","format":"standard","meta":{"jetpack_post_was_ever_published":false,"_jetpack_newsletter_access":"","_jetpack_dont_email_post_to_subs":false,"_jetpack_newsletter_tier_id":0,"_jetpack_memberships_contains_paywalled_content":false,"_jetpack_memberships_contains_paid_content":false,"footnotes":"","jetpack_publicize_message":"","jetpack_publicize_feature_enabled":true,"jetpack_social_post_already_shared":true,"jetpack_social_options":{"image_generator_settings":{"template":"highway","default_image_id":0,"font":"","enabled":false},"version":2}},"categories":[5,1237],"tags":[1283,1281],"class_list":["post-20223","post","type-post","status-publish","format-standard","has-post-thumbnail","hentry","category-apple","category-noticia","tag-iphone-15","tag-noticia-en-desarrollo"],"jetpack_publicize_connections":[],"jetpack_featured_media_url":"https:\/\/www.macquero.com\/wp-content\/uploads\/2023\/09\/pp2-2.jpg","jetpack_sharing_enabled":true,"_links":{"self":[{"href":"https:\/\/www.macquero.com\/en\/wp-json\/wp\/v2\/posts\/20223","targetHints":{"allow":["GET"]}}],"collection":[{"href":"https:\/\/www.macquero.com\/en\/wp-json\/wp\/v2\/posts"}],"about":[{"href":"https:\/\/www.macquero.com\/en\/wp-json\/wp\/v2\/types\/post"}],"author":[{"embeddable":true,"href":"https:\/\/www.macquero.com\/en\/wp-json\/wp\/v2\/users\/2"}],"replies":[{"embeddable":true,"href":"https:\/\/www.macquero.com\/en\/wp-json\/wp\/v2\/comments?post=20223"}],"version-history":[{"count":2,"href":"https:\/\/www.macquero.com\/en\/wp-json\/wp\/v2\/posts\/20223\/revisions"}],"predecessor-version":[{"id":20226,"href":"https:\/\/www.macquero.com\/en\/wp-json\/wp\/v2\/posts\/20223\/revisions\/20226"}],"wp:featuredmedia":[{"embeddable":true,"href":"https:\/\/www.macquero.com\/en\/wp-json\/wp\/v2\/media\/20227"}],"wp:attachment":[{"href":"https:\/\/www.macquero.com\/en\/wp-json\/wp\/v2\/media?parent=20223"}],"wp:term":[{"taxonomy":"category","embeddable":true,"href":"https:\/\/www.macquero.com\/en\/wp-json\/wp\/v2\/categories?post=20223"},{"taxonomy":"post_tag","embeddable":true,"href":"https:\/\/www.macquero.com\/en\/wp-json\/wp\/v2\/tags?post=20223"}],"curies":[{"name":"wp","href":"https:\/\/api.w.org\/{rel}","templated":true}]}}