{"id":20218,"date":"2023-09-28T08:42:34","date_gmt":"2023-09-28T14:42:34","guid":{"rendered":"https:\/\/www.macquero.com\/?p=20218"},"modified":"2023-09-28T08:46:25","modified_gmt":"2023-09-28T14:46:25","slug":"problemas-de-control-de-calidad-al-parecer-el-sobrecalentamiento-en-los-iphone-15-pro-se-atribuye-a-un-aspecto-de-su-diseno","status":"publish","type":"post","link":"https:\/\/www.macquero.com\/en\/2023\/09\/problemas-de-control-de-calidad-al-parecer-el-sobrecalentamiento-en-los-iphone-15-pro-se-atribuye-a-un-aspecto-de-su-diseno\/","title":{"rendered":"\u00bfProblemas de control de calidad? Al parecer, el sobrecalentamiento en los iPhone 15 Pro se atribuye a un aspecto de su dise\u00f1o."},"content":{"rendered":"<p>En d\u00edas recientes, ha habido un aumento en las quejas por parte de los usuarios del iPhone 15 con respecto a problemas de sobrecalentamiento. Estos problemas parecen estar presentes en las cuatro variantes del dispositivo, aunque se manifiestan con mayor frecuencia en los modelos Pro. Ming-Chi Kuo, por otro lado, plantea que la causa del problema no est\u00e1 relacionada con el chip A17 Pro.<\/p>\n\n\n\n<blockquote class=\"wp-block-quote is-layout-flow wp-block-quote-is-layout-flow\">\n<p>Apple no ha emitido ning\u00fan comentario al respecto, y lo m\u00e1s probable es que no realice ning\u00fan tipo de comunicado. <\/p>\n<\/blockquote>\n\n\n\n<p>Inicialmente, hubo especulaciones acerca de que el sobrecalentamiento en las versiones premium del iPhone 15 podr\u00eda estar relacionado con el nuevo chip A17 Pro. Sin embargo, Ming-Chi Kuo <a href=\"https:\/\/medium.com\/@mingchikuo\/the-iphone-15-pro-series-overheating-issues-are-unrelated-to-tsmcs-advanced-3nm-node-iphone-15-5f354b1ab155\">sostiene<\/a> que no es as\u00ed, y que la causa de este aparente problema se encuentra en otro lugar.<\/p>\n\n\n\n<p>De acuerdo con las afirmaciones del analista, el sobrecalentamiento aparente en los iPhone 15 Pro y Pro Max podr\u00eda estar relacionado con los &#8220;compromisos&#8221; que Apple habr\u00eda implementado en el dise\u00f1o interno para hacer que los dispositivos sean m\u00e1s ligeros. El experto se\u00f1ala la disminuci\u00f3n del \u00e1rea de disipaci\u00f3n de calor y el uso de un marco de titanio como posibles causas de una reducci\u00f3n en la eficiencia t\u00e9rmica.<\/p>\n\n\n\n<blockquote class=\"wp-block-quote is-layout-flow wp-block-quote-is-layout-flow\">\n<p>Adem\u00e1s, Kuo indica que Apple tiene la intenci\u00f3n de abordar el problema del sobrecalentamiento en los iPhone 15 mediante actualizaciones de software, reconoce que las mejoras podr\u00edan ser modestas.<\/p>\n<\/blockquote>\n\n\n\n<p>A pesar de las declaraciones de Kuo, a\u00fan no se ha proporcionado una explicaci\u00f3n definitiva u oficial para los casos de sobrecalentamiento en los iPhone 15. Esto se debe a que no todos los incidentes son iguales. Algunos usuarios informan que el tel\u00e9fono se calienta mientras se carga, llegando al punto de resultar inc\u00f3modo sostenerlo sin una funda protectora.<\/p>\n\n\n\n<p>Adem\u00e1s, hay otros casos en los que la temperatura aumenta incluso cuando el dispositivo no est\u00e1 en uso, es decir, en momentos en los que no se est\u00e1 cargando, no est\u00e1 conectado a redes Wi-Fi ni est\u00e1 ejecutando tareas exigentes, como jugar o grabar v\u00eddeos de alta calidad.<\/p>\n\n\n\n<h2 class=\"wp-block-heading\">En contraste<\/h2>\n\n\n\n<p>Si se confirma que se trata de un problema de dise\u00f1o, estar\u00edamos enfrentando una cuesti\u00f3n de fabricaci\u00f3n sin controles previos de calidad. -Es algo que Apple <strong>no puede permitirse<\/strong>, especialmente teniendo en cuenta la relaci\u00f3n entre el precio y el valor de sus productos. -Por lo tanto, su imagen podr\u00eda verse afectada en comparaci\u00f3n con la de sus competidores debido a la calidad.<\/p>\n\n\n\n<p><strong>Este tipo de situaciones no ocurr\u00edan cuando Steve Jobs estaba vivo. <\/strong><\/p>","protected":false},"excerpt":{"rendered":"<p>En d\u00edas recientes, ha habido un aumento en las quejas por parte de los usuarios del iPhone 15 con respecto a problemas de sobrecalentamiento. Estos problemas parecen estar presentes en las cuatro variantes del dispositivo, aunque se manifiestan con mayor frecuencia en los modelos Pro. Ming-Chi Kuo, por otro lado, plantea que la causa del &hellip;<\/p>","protected":false},"author":2,"featured_media":20221,"comment_status":"closed","ping_status":"closed","sticky":false,"template":"","format":"standard","meta":{"jetpack_post_was_ever_published":false,"_jetpack_newsletter_access":"","_jetpack_dont_email_post_to_subs":false,"_jetpack_newsletter_tier_id":0,"_jetpack_memberships_contains_paywalled_content":false,"_jetpack_memberships_contains_paid_content":false,"footnotes":"","jetpack_publicize_message":"","jetpack_publicize_feature_enabled":true,"jetpack_social_post_already_shared":true,"jetpack_social_options":{"image_generator_settings":{"template":"highway","default_image_id":0,"font":"","enabled":false},"version":2}},"categories":[5,1054],"tags":[1281],"class_list":["post-20218","post","type-post","status-publish","format-standard","has-post-thumbnail","hentry","category-apple","category-rumores","tag-noticia-en-desarrollo"],"jetpack_publicize_connections":[],"jetpack_featured_media_url":"https:\/\/www.macquero.com\/wp-content\/uploads\/2023\/09\/pp2-1.jpg","jetpack_sharing_enabled":true,"_links":{"self":[{"href":"https:\/\/www.macquero.com\/en\/wp-json\/wp\/v2\/posts\/20218","targetHints":{"allow":["GET"]}}],"collection":[{"href":"https:\/\/www.macquero.com\/en\/wp-json\/wp\/v2\/posts"}],"about":[{"href":"https:\/\/www.macquero.com\/en\/wp-json\/wp\/v2\/types\/post"}],"author":[{"embeddable":true,"href":"https:\/\/www.macquero.com\/en\/wp-json\/wp\/v2\/users\/2"}],"replies":[{"embeddable":true,"href":"https:\/\/www.macquero.com\/en\/wp-json\/wp\/v2\/comments?post=20218"}],"version-history":[{"count":1,"href":"https:\/\/www.macquero.com\/en\/wp-json\/wp\/v2\/posts\/20218\/revisions"}],"predecessor-version":[{"id":20220,"href":"https:\/\/www.macquero.com\/en\/wp-json\/wp\/v2\/posts\/20218\/revisions\/20220"}],"wp:featuredmedia":[{"embeddable":true,"href":"https:\/\/www.macquero.com\/en\/wp-json\/wp\/v2\/media\/20221"}],"wp:attachment":[{"href":"https:\/\/www.macquero.com\/en\/wp-json\/wp\/v2\/media?parent=20218"}],"wp:term":[{"taxonomy":"category","embeddable":true,"href":"https:\/\/www.macquero.com\/en\/wp-json\/wp\/v2\/categories?post=20218"},{"taxonomy":"post_tag","embeddable":true,"href":"https:\/\/www.macquero.com\/en\/wp-json\/wp\/v2\/tags?post=20218"}],"curies":[{"name":"wp","href":"https:\/\/api.w.org\/{rel}","templated":true}]}}