{"id":20198,"date":"2023-09-21T09:13:00","date_gmt":"2023-09-21T15:13:00","guid":{"rendered":"https:\/\/www.macquero.com\/?p=20198"},"modified":"2023-09-21T09:13:04","modified_gmt":"2023-09-21T15:13:04","slug":"la-preocupacion-sobre-el-iphone-12-en-europa-esta-creciendo-existe-una-demanda-para-que-los-dispositivos-iphone-12-en-espana-tambien-sean-actualizados-con-el-objetivo-de-reducir-sus-emisiones","status":"publish","type":"post","link":"https:\/\/www.macquero.com\/en\/2023\/09\/la-preocupacion-sobre-el-iphone-12-en-europa-esta-creciendo-existe-una-demanda-para-que-los-dispositivos-iphone-12-en-espana-tambien-sean-actualizados-con-el-objetivo-de-reducir-sus-emisiones\/","title":{"rendered":"La preocupaci\u00f3n sobre el iPhone 12 en Europa est\u00e1 creciendo. Existe una demanda para que los dispositivos iPhone 12 en Espa\u00f1a tambi\u00e9n sean actualizados con el objetivo de reducir sus emisiones."},"content":{"rendered":"<p>La semana pasada, poco despu\u00e9s del anuncio de los nuevos iPhone 15 por parte de Apple, se gener\u00f3 una alarma en Francia y en toda Europa debido a que los iPhone 12 estaban emitiendo ondas no ionizantes a niveles que exced\u00edan los l\u00edmites legales establecidos por la Uni\u00f3n Europea.<\/p>\n\n\n\n<figure class=\"wp-block-pullquote\"><blockquote><p>Fue la Agencia Nacional de Frecuencias de Francia la que alert\u00f3 sobre los niveles de radiaci\u00f3n de estos dispositivos despu\u00e9s de llevar a cabo pruebas en 141 unidades.<\/p><\/blockquote><\/figure>\n\n\n\n<p>Las autoridades francesas y posteriormente la Organizaci\u00f3n de Consumidores y Usuarios (OCU) solicitaron la retirada de estos dispositivos hasta que se revisaran los resultados y se determinara que no representaban ning\u00fan riesgo. Ante esta situaci\u00f3n, Apple anunci\u00f3 una actualizaci\u00f3n espec\u00edfica para los iPhone 12 en Francia con el prop\u00f3sito de reducir sus emisiones. No obstante, la OCU considera que esta medida no es suficiente y que el nuevo software deber\u00eda implementarse en todos los pa\u00edses miembros de la UE.<\/p>\n\n\n\n<p>Es relevante mencionar que los est\u00e1ndares de emisi\u00f3n de radiaci\u00f3n de la Uni\u00f3n Europea son m\u00e1s estrictos que los niveles considerados perjudiciales para la salud. En las extremidades, los l\u00edmites reglamentarios son de 4 W\/kg y, en el tronco o la cabeza, de 2 W\/kg. Las pruebas realizadas por la Agencia Nacional de Frecuencias revelaron que las ondas no ionizantes solo exced\u00edan los l\u00edmites europeos en las extremidades.<\/p>\n\n\n\n<p>Adem\u00e1s, es importante se\u00f1alar que las mediciones se llevaron a cabo en condiciones adversas, con el dispositivo emitiendo a su m\u00e1xima potencia, en una red con una conexi\u00f3n deficiente y con la posici\u00f3n de la antena del dispositivo afectando directamente al cuerpo humano.<\/p>\n\n\n\n<p>Sin embargo, la OCU solicit\u00f3 la retirada temporal del iPhone 12 del mercado hasta que se resolviera el problema, argumentando que las emisiones de ondas no ionizantes contraven\u00edan la normativa vigente. <strong>La soluci\u00f3n propuesta por Apple se limit\u00f3 a Francia<\/strong>, pero la OCU exige que se aplique <strong>en Espa\u00f1a y en el resto de los pa\u00edses de la Uni\u00f3n Europea.<\/strong><\/p>\n\n\n\n<h2 class=\"wp-block-heading\">Recomendaciones<\/h2>\n\n\n\n<p>Mientras se resuelve este asunto, la OCU ha recomendado a los consumidores que deseen reducir la exposici\u00f3n a las radiaciones que utilicen auriculares al realizar llamadas telef\u00f3nicas, que eviten hablar en \u00e1reas con una se\u00f1al deficiente y que supervisen el tiempo que los ni\u00f1os pasan utilizando estos dispositivos, ya que son m\u00e1s susceptibles a las radiaciones. <\/p>\n\n\n\n<p>Es importante se\u00f1alar que actualmente no existen investigaciones que indiquen que las ondas no ionizantes emitidas por los tel\u00e9fonos inteligentes en general representen una preocupaci\u00f3n a corto plazo, y solo se han realizado estudios que sugieren que podr\u00edan (aunque no de manera definitiva) tener posibles consecuencias a largo plazo.<\/p>","protected":false},"excerpt":{"rendered":"<p>La semana pasada, poco despu\u00e9s del anuncio de los nuevos iPhone 15 por parte de Apple, se gener\u00f3 una alarma en Francia y en toda Europa debido a que los iPhone 12 estaban emitiendo ondas no ionizantes a niveles que exced\u00edan los l\u00edmites legales establecidos por la Uni\u00f3n Europea. Fue la Agencia Nacional de Frecuencias &hellip;<\/p>","protected":false},"author":2,"featured_media":20199,"comment_status":"closed","ping_status":"closed","sticky":false,"template":"","format":"standard","meta":{"jetpack_post_was_ever_published":false,"_jetpack_newsletter_access":"","_jetpack_dont_email_post_to_subs":false,"_jetpack_newsletter_tier_id":0,"_jetpack_memberships_contains_paywalled_content":false,"_jetpack_memberships_contains_paid_content":false,"footnotes":"","jetpack_publicize_message":"","jetpack_publicize_feature_enabled":true,"jetpack_social_post_already_shared":true,"jetpack_social_options":{"image_generator_settings":{"template":"highway","default_image_id":0,"font":"","enabled":false},"version":2}},"categories":[5,1237],"tags":[1280,1281],"class_list":["post-20198","post","type-post","status-publish","format-standard","has-post-thumbnail","hentry","category-apple","category-noticia","tag-informativo","tag-noticia-en-desarrollo"],"jetpack_publicize_connections":[],"jetpack_featured_media_url":"https:\/\/www.macquero.com\/wp-content\/uploads\/2023\/09\/pp-6.jpg","jetpack_sharing_enabled":true,"_links":{"self":[{"href":"https:\/\/www.macquero.com\/en\/wp-json\/wp\/v2\/posts\/20198","targetHints":{"allow":["GET"]}}],"collection":[{"href":"https:\/\/www.macquero.com\/en\/wp-json\/wp\/v2\/posts"}],"about":[{"href":"https:\/\/www.macquero.com\/en\/wp-json\/wp\/v2\/types\/post"}],"author":[{"embeddable":true,"href":"https:\/\/www.macquero.com\/en\/wp-json\/wp\/v2\/users\/2"}],"replies":[{"embeddable":true,"href":"https:\/\/www.macquero.com\/en\/wp-json\/wp\/v2\/comments?post=20198"}],"version-history":[{"count":1,"href":"https:\/\/www.macquero.com\/en\/wp-json\/wp\/v2\/posts\/20198\/revisions"}],"predecessor-version":[{"id":20200,"href":"https:\/\/www.macquero.com\/en\/wp-json\/wp\/v2\/posts\/20198\/revisions\/20200"}],"wp:featuredmedia":[{"embeddable":true,"href":"https:\/\/www.macquero.com\/en\/wp-json\/wp\/v2\/media\/20199"}],"wp:attachment":[{"href":"https:\/\/www.macquero.com\/en\/wp-json\/wp\/v2\/media?parent=20198"}],"wp:term":[{"taxonomy":"category","embeddable":true,"href":"https:\/\/www.macquero.com\/en\/wp-json\/wp\/v2\/categories?post=20198"},{"taxonomy":"post_tag","embeddable":true,"href":"https:\/\/www.macquero.com\/en\/wp-json\/wp\/v2\/tags?post=20198"}],"curies":[{"name":"wp","href":"https:\/\/api.w.org\/{rel}","templated":true}]}}