{"id":20194,"date":"2023-09-20T07:18:10","date_gmt":"2023-09-20T13:18:10","guid":{"rendered":"https:\/\/www.macquero.com\/?p=20194"},"modified":"2023-09-20T07:18:16","modified_gmt":"2023-09-20T13:18:16","slug":"apple-tiene-previsto-abordar-las-preocupaciones-sobre-la-supuesta-radiacion-de-sus-iphone-12-mediante-una-actualizacion-de-software","status":"publish","type":"post","link":"https:\/\/www.macquero.com\/en\/2023\/09\/apple-tiene-previsto-abordar-las-preocupaciones-sobre-la-supuesta-radiacion-de-sus-iphone-12-mediante-una-actualizacion-de-software\/","title":{"rendered":"Apple tiene previsto abordar las preocupaciones sobre la supuesta radiaci\u00f3n de sus iPhone 12 mediante una actualizaci\u00f3n de software."},"content":{"rendered":"<p>Apple est\u00e1 trabajando en una actualizaci\u00f3n de software para abordar los niveles de radiaci\u00f3n detectados en los iPhone 12 por las <strong>autoridades francesas,<\/strong> aunque la empresa considera que esta cuesti\u00f3n est\u00e1 relacionada con los protocolos de prueba utilizados en Francia y no representa un problema de seguridad.<\/p>\n\n\n\n<blockquote class=\"wp-block-quote is-layout-flow wp-block-quote-is-layout-flow\">\n<p>Un portavoz de la compa\u00f1\u00eda confirm\u00f3 a Bloomberg que Apple planea resolver la cuesti\u00f3n de los niveles de radiaci\u00f3n detectados en Francia con una actualizaci\u00f3n de software espec\u00edfica para los usuarios de ese pa\u00eds.<\/p>\n<\/blockquote>\n\n\n\n<p>El portavoz tambi\u00e9n aclar\u00f3 que el problema est\u00e1 vinculado a un protocolo de prueba espec\u00edfico utilizado por los reguladores franceses y no se trata de un problema de seguridad.<\/p>\n\n\n\n<p>La preocupaci\u00f3n sobre los posibles efectos en la salud relacionados con los niveles de radiaci\u00f3n emitidos por el iPhone 12 surgi\u00f3 el mismo d\u00eda en que Apple anunci\u00f3 sus nuevos smartphones de la serie iPhone 15 y comenz\u00f3 a retirar gradualmente el iPhone 12 del mercado.<\/p>\n\n\n\n<p>La Agencia Nacional de Frecuencias (ANFR) de Francia recientemente llev\u00f3 a cabo un an\u00e1lisis de 141 dispositivos m\u00f3viles para evaluar la tasa de energ\u00eda de radiofrecuencia absorbida por el cuerpo humano durante su uso, con el objetivo de verificar el cumplimiento de los l\u00edmites de tasa de absorci\u00f3n espec\u00edfica considerados seguros. Seg\u00fan su an\u00e1lisis, el iPhone 12 super\u00f3 los valores en una de las pruebas relacionadas con el contacto f\u00edsico con el dispositivo, aunque cumpli\u00f3 con los l\u00edmites establecidos en la prueba de proximidad al cuerpo.<\/p>\n\n\n\n<h2 class=\"wp-block-heading\">En consecuencia<\/h2>\n\n\n\n<p>Como resultado, la ANFR inst\u00f3 al Gobierno franc\u00e9s a retirar del mercado el iPhone 12, una medida que fue ejecutada por el ministro franc\u00e9s de Transici\u00f3n Digital y Telecomunicaciones, Jean-No\u00ebl Barrot, el mismo d\u00eda.<\/p>\n\n\n\n<p>Posteriormente, asociaciones de consumidores en otros pa\u00edses europeos, como OCU y Facua en Espa\u00f1a, se sumaron a la solicitud para que se suspendiera la venta del iPhone 12 hasta que se garantizara su seguridad. <\/p>\n\n\n\n<p>A nivel de la Uni\u00f3n Europea, se estar\u00eda evaluando extender la prohibici\u00f3n impuesta en Francia al resto de los pa\u00edses miembros.<\/p>","protected":false},"excerpt":{"rendered":"<p>Apple est\u00e1 trabajando en una actualizaci\u00f3n de software para abordar los niveles de radiaci\u00f3n detectados en los iPhone 12 por las autoridades francesas, aunque la empresa considera que esta cuesti\u00f3n est\u00e1 relacionada con los protocolos de prueba utilizados en Francia y no representa un problema de seguridad. Un portavoz de la compa\u00f1\u00eda confirm\u00f3 a Bloomberg &hellip;<\/p>","protected":false},"author":2,"featured_media":20195,"comment_status":"closed","ping_status":"closed","sticky":false,"template":"","format":"standard","meta":{"jetpack_post_was_ever_published":false,"_jetpack_newsletter_access":"","_jetpack_dont_email_post_to_subs":false,"_jetpack_newsletter_tier_id":0,"_jetpack_memberships_contains_paywalled_content":false,"_jetpack_memberships_contains_paid_content":false,"footnotes":"","jetpack_publicize_message":"","jetpack_publicize_feature_enabled":true,"jetpack_social_post_already_shared":true,"jetpack_social_options":{"image_generator_settings":{"template":"highway","default_image_id":0,"font":"","enabled":false},"version":2}},"categories":[5,1237],"tags":[1082,1151],"class_list":["post-20194","post","type-post","status-publish","format-standard","has-post-thumbnail","hentry","category-apple","category-noticia","tag-novedad","tag-seguridad"],"jetpack_publicize_connections":[],"jetpack_featured_media_url":"https:\/\/www.macquero.com\/wp-content\/uploads\/2023\/09\/pp4.jpg","jetpack_sharing_enabled":true,"_links":{"self":[{"href":"https:\/\/www.macquero.com\/en\/wp-json\/wp\/v2\/posts\/20194","targetHints":{"allow":["GET"]}}],"collection":[{"href":"https:\/\/www.macquero.com\/en\/wp-json\/wp\/v2\/posts"}],"about":[{"href":"https:\/\/www.macquero.com\/en\/wp-json\/wp\/v2\/types\/post"}],"author":[{"embeddable":true,"href":"https:\/\/www.macquero.com\/en\/wp-json\/wp\/v2\/users\/2"}],"replies":[{"embeddable":true,"href":"https:\/\/www.macquero.com\/en\/wp-json\/wp\/v2\/comments?post=20194"}],"version-history":[{"count":1,"href":"https:\/\/www.macquero.com\/en\/wp-json\/wp\/v2\/posts\/20194\/revisions"}],"predecessor-version":[{"id":20196,"href":"https:\/\/www.macquero.com\/en\/wp-json\/wp\/v2\/posts\/20194\/revisions\/20196"}],"wp:featuredmedia":[{"embeddable":true,"href":"https:\/\/www.macquero.com\/en\/wp-json\/wp\/v2\/media\/20195"}],"wp:attachment":[{"href":"https:\/\/www.macquero.com\/en\/wp-json\/wp\/v2\/media?parent=20194"}],"wp:term":[{"taxonomy":"category","embeddable":true,"href":"https:\/\/www.macquero.com\/en\/wp-json\/wp\/v2\/categories?post=20194"},{"taxonomy":"post_tag","embeddable":true,"href":"https:\/\/www.macquero.com\/en\/wp-json\/wp\/v2\/tags?post=20194"}],"curies":[{"name":"wp","href":"https:\/\/api.w.org\/{rel}","templated":true}]}}