{"id":20180,"date":"2023-09-19T00:20:00","date_gmt":"2023-09-19T06:20:00","guid":{"rendered":"https:\/\/www.macquero.com\/?p=20180"},"modified":"2023-09-18T10:46:46","modified_gmt":"2023-09-18T16:46:46","slug":"emily-rudd-comparte-su-reaccion-ante-la-renovacion-de-one-piece","status":"publish","type":"post","link":"https:\/\/www.macquero.com\/en\/2023\/09\/emily-rudd-comparte-su-reaccion-ante-la-renovacion-de-one-piece\/","title":{"rendered":"Emily Rudd comparte su reacci\u00f3n ante la renovaci\u00f3n de One Piece."},"content":{"rendered":"<p>La exitosa serie de acci\u00f3n en vivo de Netflix, One Piece, ha sido oficialmente renovada para una emocionante segunda temporada, y <a href=\"https:\/\/www.instagram.com\/emilysteaparty\/\" data-type=\"URL\" data-id=\"https:\/\/www.instagram.com\/emilysteaparty\/\" target=\"_blank\" rel=\"noreferrer noopener\">Emily Rudd<\/a>, la talentosa actriz detr\u00e1s del papel de Nami en la serie, no podr\u00eda estar m\u00e1s emocionada. <\/p>\n\n\n\n<p>Tras el emocionante anuncio, Emily comparti\u00f3 su entusiasmo en sus plataformas de redes sociales, expresando su sincera gratitud hacia los apasionados seguidores y su profundo amor por el proyecto.<\/p>","protected":false},"excerpt":{"rendered":"<p>La exitosa serie de acci\u00f3n en vivo de Netflix, One Piece, ha sido oficialmente renovada para una emocionante segunda temporada, y Emily Rudd, la talentosa actriz detr\u00e1s del papel de Nami en la serie, no podr\u00eda estar m\u00e1s emocionada. Tras el emocionante anuncio, Emily comparti\u00f3 su entusiasmo en sus plataformas de redes sociales, expresando su &hellip;<\/p>","protected":false},"author":2,"featured_media":20181,"comment_status":"closed","ping_status":"closed","sticky":false,"template":"","format":"standard","meta":{"jetpack_post_was_ever_published":false,"_jetpack_newsletter_access":"","_jetpack_dont_email_post_to_subs":false,"_jetpack_newsletter_tier_id":0,"_jetpack_memberships_contains_paywalled_content":false,"_jetpack_memberships_contains_paid_content":false,"footnotes":"","jetpack_publicize_message":"","jetpack_publicize_feature_enabled":true,"jetpack_social_post_already_shared":true,"jetpack_social_options":{"image_generator_settings":{"template":"highway","default_image_id":0,"font":"","enabled":false},"version":2}},"categories":[1007,1274],"tags":[1276,1271,1275],"class_list":["post-20180","post","type-post","status-publish","format-standard","has-post-thumbnail","hentry","category-avances","category-noticia-netflix","tag-emily-rudd","tag-live-action","tag-one-piece"],"jetpack_publicize_connections":[],"jetpack_featured_media_url":"https:\/\/www.macquero.com\/wp-content\/uploads\/2023\/09\/yr.jpg","jetpack_sharing_enabled":true,"_links":{"self":[{"href":"https:\/\/www.macquero.com\/en\/wp-json\/wp\/v2\/posts\/20180","targetHints":{"allow":["GET"]}}],"collection":[{"href":"https:\/\/www.macquero.com\/en\/wp-json\/wp\/v2\/posts"}],"about":[{"href":"https:\/\/www.macquero.com\/en\/wp-json\/wp\/v2\/types\/post"}],"author":[{"embeddable":true,"href":"https:\/\/www.macquero.com\/en\/wp-json\/wp\/v2\/users\/2"}],"replies":[{"embeddable":true,"href":"https:\/\/www.macquero.com\/en\/wp-json\/wp\/v2\/comments?post=20180"}],"version-history":[{"count":2,"href":"https:\/\/www.macquero.com\/en\/wp-json\/wp\/v2\/posts\/20180\/revisions"}],"predecessor-version":[{"id":20183,"href":"https:\/\/www.macquero.com\/en\/wp-json\/wp\/v2\/posts\/20180\/revisions\/20183"}],"wp:featuredmedia":[{"embeddable":true,"href":"https:\/\/www.macquero.com\/en\/wp-json\/wp\/v2\/media\/20181"}],"wp:attachment":[{"href":"https:\/\/www.macquero.com\/en\/wp-json\/wp\/v2\/media?parent=20180"}],"wp:term":[{"taxonomy":"category","embeddable":true,"href":"https:\/\/www.macquero.com\/en\/wp-json\/wp\/v2\/categories?post=20180"},{"taxonomy":"post_tag","embeddable":true,"href":"https:\/\/www.macquero.com\/en\/wp-json\/wp\/v2\/tags?post=20180"}],"curies":[{"name":"wp","href":"https:\/\/api.w.org\/{rel}","templated":true}]}}