{"id":20161,"date":"2023-09-16T00:20:00","date_gmt":"2023-09-16T06:20:00","guid":{"rendered":"https:\/\/www.macquero.com\/?p=20161"},"modified":"2023-09-14T03:44:04","modified_gmt":"2023-09-14T09:44:04","slug":"apple-realiza-una-actualizacion-discreta-en-sus-airpods-pro-al-incorporar-la-carga-usb-c-de-manera-sigilosa","status":"publish","type":"post","link":"https:\/\/www.macquero.com\/en\/2023\/09\/apple-realiza-una-actualizacion-discreta-en-sus-airpods-pro-al-incorporar-la-carga-usb-c-de-manera-sigilosa\/","title":{"rendered":"Apple realiza una actualizaci\u00f3n discreta en sus AirPods Pro al incorporar la carga USB-C de manera sigilosa."},"content":{"rendered":"<p>Luego de presentar la \u00faltima generaci\u00f3n de iPhone, Apple Watch y Apple Watch Ultra, la compa\u00f1\u00eda de Cupertino ha revelado de manera discreta, a trav\u00e9s de un correo electr\u00f3nico, una novedad que ya estaba circulando ampliamente en Internet: la segunda generaci\u00f3n de los AirPods Pro ahora cuenta con carga MagSafe (USB-C).<\/p>\n\n\n\n<p>Esta actualizaci\u00f3n permite a Apple cumplir con las regulaciones europeas <strong>sin necesidad de realizar un anuncio p\u00fablico extenso.<\/strong> Adem\u00e1s del cambio en el puerto de carga, las \u00fanicas novedades en este dispositivo incluyen una mayor resistencia al polvo, con una calificaci\u00f3n IP54, y la compatibilidad con audio sin p\u00e9rdida a trav\u00e9s de Apple Vision Pro.<\/p>\n\n\n\n<p>Es relevante recordar que los AirPods Pro de segunda generaci\u00f3n se lanzaron al mercado hace aproximadamente un a\u00f1o. Estos auriculares ofrecen el doble de capacidad de cancelaci\u00f3n activa de ruido en comparaci\u00f3n con su predecesor, un avanzado modo de sonido ambiente, una experiencia de audio espacial m\u00e1s inmersiva y una variedad ampliada de tama\u00f1os de almohadillas para mejorar el ajuste.<\/p>\n\n\n\n<h2 class=\"wp-block-heading\">iOS17<\/h2>\n\n\n\n<p>Con la pr\u00f3xima actualizaci\u00f3n a iOS 17, los usuarios de los nuevos AirPods Pro de segunda generaci\u00f3n con estuche de carga MagSafe y puerto USB-C podr\u00e1n acceder a emocionantes experiencias adicionales. <\/p>\n\n\n\n<p>Estas incluyen funciones como el audio adaptativo, que se ajusta autom\u00e1ticamente para mejorar la calidad del sonido, el volumen personalizado para una experiencia auditiva \u00fanica, y la detecci\u00f3n de conversaci\u00f3n, una novedad presentada durante la keynote, que reduce el ruido ambiente en entornos ruidosos para mejorar la claridad de las llamadas.<\/p>","protected":false},"excerpt":{"rendered":"<p>Luego de presentar la \u00faltima generaci\u00f3n de iPhone, Apple Watch y Apple Watch Ultra, la compa\u00f1\u00eda de Cupertino ha revelado de manera discreta, a trav\u00e9s de un correo electr\u00f3nico, una novedad que ya estaba circulando ampliamente en Internet: la segunda generaci\u00f3n de los AirPods Pro ahora cuenta con carga MagSafe (USB-C). Esta actualizaci\u00f3n permite a &hellip;<\/p>","protected":false},"author":2,"featured_media":20162,"comment_status":"closed","ping_status":"closed","sticky":false,"template":"","format":"standard","meta":{"jetpack_post_was_ever_published":false,"_jetpack_newsletter_access":"","_jetpack_dont_email_post_to_subs":false,"_jetpack_newsletter_tier_id":0,"_jetpack_memberships_contains_paywalled_content":false,"_jetpack_memberships_contains_paid_content":false,"footnotes":"","jetpack_publicize_message":"","jetpack_publicize_feature_enabled":true,"jetpack_social_post_already_shared":true,"jetpack_social_options":{"image_generator_settings":{"template":"highway","default_image_id":0,"font":"","enabled":false},"version":2}},"categories":[1270,5],"tags":[286],"class_list":["post-20161","post","type-post","status-publish","format-standard","has-post-thumbnail","hentry","category-airpods-pro","category-apple","tag-novedades"],"jetpack_publicize_connections":[],"jetpack_featured_media_url":"https:\/\/www.macquero.com\/wp-content\/uploads\/2023\/09\/pp-3.jpg","jetpack_sharing_enabled":true,"_links":{"self":[{"href":"https:\/\/www.macquero.com\/en\/wp-json\/wp\/v2\/posts\/20161","targetHints":{"allow":["GET"]}}],"collection":[{"href":"https:\/\/www.macquero.com\/en\/wp-json\/wp\/v2\/posts"}],"about":[{"href":"https:\/\/www.macquero.com\/en\/wp-json\/wp\/v2\/types\/post"}],"author":[{"embeddable":true,"href":"https:\/\/www.macquero.com\/en\/wp-json\/wp\/v2\/users\/2"}],"replies":[{"embeddable":true,"href":"https:\/\/www.macquero.com\/en\/wp-json\/wp\/v2\/comments?post=20161"}],"version-history":[{"count":2,"href":"https:\/\/www.macquero.com\/en\/wp-json\/wp\/v2\/posts\/20161\/revisions"}],"predecessor-version":[{"id":20164,"href":"https:\/\/www.macquero.com\/en\/wp-json\/wp\/v2\/posts\/20161\/revisions\/20164"}],"wp:featuredmedia":[{"embeddable":true,"href":"https:\/\/www.macquero.com\/en\/wp-json\/wp\/v2\/media\/20162"}],"wp:attachment":[{"href":"https:\/\/www.macquero.com\/en\/wp-json\/wp\/v2\/media?parent=20161"}],"wp:term":[{"taxonomy":"category","embeddable":true,"href":"https:\/\/www.macquero.com\/en\/wp-json\/wp\/v2\/categories?post=20161"},{"taxonomy":"post_tag","embeddable":true,"href":"https:\/\/www.macquero.com\/en\/wp-json\/wp\/v2\/tags?post=20161"}],"curies":[{"name":"wp","href":"https:\/\/api.w.org\/{rel}","templated":true}]}}