{"id":20146,"date":"2023-09-14T00:20:00","date_gmt":"2023-09-14T06:20:00","guid":{"rendered":"https:\/\/www.macquero.com\/?p=20146"},"modified":"2023-09-12T08:00:21","modified_gmt":"2023-09-12T14:00:21","slug":"leatherface-la-mascara-del-terror","status":"publish","type":"post","link":"https:\/\/www.macquero.com\/en\/2023\/09\/leatherface-la-mascara-del-terror\/","title":{"rendered":"Leatherface: la m\u00e1scara del terror."},"content":{"rendered":"<p>Puntuaci\u00f3n: &#x2b50;&#x2b50;&#x2b50;<\/p>\n\n\n\n<p>Nuestra siguiente recomendaci\u00f3n forma parte de los estrenos que tiene Netflix para nosotros de cara al pr\u00f3ximo Halloween.<\/p>\n\n\n\n<h2 class=\"wp-block-heading\">Sipnosis<\/h2>\n\n\n\n<p>El joven Leatherface (Sam Strike) escapa de un hospital psiqui\u00e1trico con otros tres reclusos y secuestra a una enfermera (<a href=\"https:\/\/www.instagram.com\/nessgrasse\" data-type=\"URL\" data-id=\"https:\/\/www.instagram.com\/nessgrasse\" target=\"_blank\" rel=\"noreferrer noopener\">Vanessa Grasse<\/a>) a la que llevar\u00e1 a un viaje por carretera de pesadilla mientras un polic\u00eda trastornado (Stephen Dorff) lo persigue.<\/p>\n\n\n\n<p>El \u00e9xito de&nbsp;La Masacre de Texas,&nbsp;es uno de esos raros fen\u00f3menos en los que una cinta independiente y de bajo presupuesto logra clavarse en la cultura pop y a pesar de que la original atraves\u00f3 el coraz\u00f3n del p\u00fablico con su sierra el\u00e9ctrica, sus secuelas no han tenido el mismo efecto.<\/p>\n\n\n\n<p>La cr\u00edtica especializada dictamin\u00f3: &#8220;Algunas pel\u00edculas es mejor no tocarlas con una segunda parte.&#8221; Personalmente encontr\u00e9 est\u00e1 versi\u00f3n con mejores efectos visuales que su predecesora, para gustos los colores.<\/p>\n\n\n\n<p>Eso s\u00ed, no la veas si no tienes est\u00f3mago para ello. Slasher moderado.  <\/p>","protected":false},"excerpt":{"rendered":"<p>Puntuaci\u00f3n: &#x2b50;&#x2b50;&#x2b50; Nuestra siguiente recomendaci\u00f3n forma parte de los estrenos que tiene Netflix para nosotros de cara al pr\u00f3ximo Halloween. Sipnosis El joven Leatherface (Sam Strike) escapa de un hospital psiqui\u00e1trico con otros tres reclusos y secuestra a una enfermera (Vanessa Grasse) a la que llevar\u00e1 a un viaje por carretera de pesadilla mientras un &hellip;<\/p>","protected":false},"author":2,"featured_media":20147,"comment_status":"closed","ping_status":"closed","sticky":false,"template":"","format":"standard","meta":{"jetpack_post_was_ever_published":false,"_jetpack_newsletter_access":"","_jetpack_dont_email_post_to_subs":false,"_jetpack_newsletter_tier_id":0,"_jetpack_memberships_contains_paywalled_content":false,"_jetpack_memberships_contains_paid_content":false,"footnotes":"","jetpack_publicize_message":"","jetpack_publicize_feature_enabled":true,"jetpack_social_post_already_shared":true,"jetpack_social_options":{"image_generator_settings":{"template":"highway","default_image_id":0,"font":"","enabled":false},"version":2}},"categories":[1139,766],"tags":[1267,403,953],"class_list":["post-20146","post","type-post","status-publish","format-standard","has-post-thumbnail","hentry","category-halloween","category-cine-netflix","tag-slasher","tag-terror","tag-terror-adolescente"],"jetpack_publicize_connections":[],"jetpack_featured_media_url":"https:\/\/www.macquero.com\/wp-content\/uploads\/2023\/09\/ad.jpg","jetpack_sharing_enabled":true,"_links":{"self":[{"href":"https:\/\/www.macquero.com\/en\/wp-json\/wp\/v2\/posts\/20146","targetHints":{"allow":["GET"]}}],"collection":[{"href":"https:\/\/www.macquero.com\/en\/wp-json\/wp\/v2\/posts"}],"about":[{"href":"https:\/\/www.macquero.com\/en\/wp-json\/wp\/v2\/types\/post"}],"author":[{"embeddable":true,"href":"https:\/\/www.macquero.com\/en\/wp-json\/wp\/v2\/users\/2"}],"replies":[{"embeddable":true,"href":"https:\/\/www.macquero.com\/en\/wp-json\/wp\/v2\/comments?post=20146"}],"version-history":[{"count":2,"href":"https:\/\/www.macquero.com\/en\/wp-json\/wp\/v2\/posts\/20146\/revisions"}],"predecessor-version":[{"id":20149,"href":"https:\/\/www.macquero.com\/en\/wp-json\/wp\/v2\/posts\/20146\/revisions\/20149"}],"wp:featuredmedia":[{"embeddable":true,"href":"https:\/\/www.macquero.com\/en\/wp-json\/wp\/v2\/media\/20147"}],"wp:attachment":[{"href":"https:\/\/www.macquero.com\/en\/wp-json\/wp\/v2\/media?parent=20146"}],"wp:term":[{"taxonomy":"category","embeddable":true,"href":"https:\/\/www.macquero.com\/en\/wp-json\/wp\/v2\/categories?post=20146"},{"taxonomy":"post_tag","embeddable":true,"href":"https:\/\/www.macquero.com\/en\/wp-json\/wp\/v2\/tags?post=20146"}],"curies":[{"name":"wp","href":"https:\/\/api.w.org\/{rel}","templated":true}]}}