{"id":20142,"date":"2023-09-13T00:20:00","date_gmt":"2023-09-13T06:20:00","guid":{"rendered":"https:\/\/www.macquero.com\/?p=20142"},"modified":"2023-09-13T04:41:55","modified_gmt":"2023-09-13T10:41:55","slug":"mi-querida-nina-dear-child","status":"publish","type":"post","link":"https:\/\/www.macquero.com\/en\/2023\/09\/mi-querida-nina-dear-child\/","title":{"rendered":"Mi querida ni\u00f1a. &#8211; Dear Child."},"content":{"rendered":"<p>Puntuaci\u00f3n: &#x2b50;&#x2b50;&#x2b50;&#x2b50;&#x2b50;<\/p>\n\n\n\n<p>Es una rareza que no puedes dejar de ver.<\/p>\n\n\n\n<h2 class=\"wp-block-heading\">Sipnosis<\/h2>\n\n\n\n<p>Cuando Lena escapa aislada del hombre que la controla, el verdadero alcance de su horror se revela esa misma noche, cuando llegan sus padres.<\/p>\n\n\n\n<p>\u201cMi querida ni\u00f1a\u201d (\u201cLiebes Kind\u201d en su idioma original \u201cDear Child\u201d en ingl\u00e9s),&nbsp;serie alemana de Netflix&nbsp;dirigida y escrita por Isabel Kleefeld y Julian P\u00f6rksen, se estren\u00f3 el 7 de septiembre de 2023, pero los usuarios de la popular plataforma de streaming ya preguntan por una segunda entrega.<\/p>\n\n\n\n<p><strong>\u201cMi Querida Ni\u00f1a\u201d se grab\u00f3 en dos hermosas regiones de Irlanda: Dubl\u00edn y el condado de Meath<\/strong>. Los paisajes pintorescos y los encantadores entornos de estas \u00e1reas desempe\u00f1aron un papel fundamental en la creaci\u00f3n de la atm\u00f3sfera \u00fanica de la pel\u00edcula.<\/p>\n\n\n\n<p>Esta obra promete ser una opci\u00f3n intrigante para disfrutar en la \u00e9poca de Halloween.<\/p>","protected":false},"excerpt":{"rendered":"<p>Puntuaci\u00f3n: &#x2b50;&#x2b50;&#x2b50;&#x2b50;&#x2b50; Es una rareza que no puedes dejar de ver. Sipnosis Cuando Lena escapa aislada del hombre que la controla, el verdadero alcance de su horror se revela esa misma noche, cuando llegan sus padres. \u201cMi querida ni\u00f1a\u201d (\u201cLiebes Kind\u201d en su idioma original \u201cDear Child\u201d en ingl\u00e9s),&nbsp;serie alemana de Netflix&nbsp;dirigida y escrita por &hellip;<\/p>","protected":false},"author":2,"featured_media":20144,"comment_status":"closed","ping_status":"closed","sticky":false,"template":"","format":"standard","meta":{"jetpack_post_was_ever_published":false,"_jetpack_newsletter_access":"","_jetpack_dont_email_post_to_subs":false,"_jetpack_newsletter_tier_id":0,"_jetpack_memberships_contains_paywalled_content":false,"_jetpack_memberships_contains_paid_content":false,"footnotes":"","jetpack_publicize_message":"","jetpack_publicize_feature_enabled":true,"jetpack_social_post_already_shared":true,"jetpack_social_options":{"image_generator_settings":{"template":"highway","default_image_id":0,"font":"","enabled":false},"version":2}},"categories":[1139,732],"tags":[832],"class_list":["post-20142","post","type-post","status-publish","format-standard","has-post-thumbnail","hentry","category-halloween","category-series","tag-thriller-psicologico"],"jetpack_publicize_connections":[],"jetpack_featured_media_url":"https:\/\/www.macquero.com\/wp-content\/uploads\/2023\/09\/an.jpg","jetpack_sharing_enabled":true,"_links":{"self":[{"href":"https:\/\/www.macquero.com\/en\/wp-json\/wp\/v2\/posts\/20142","targetHints":{"allow":["GET"]}}],"collection":[{"href":"https:\/\/www.macquero.com\/en\/wp-json\/wp\/v2\/posts"}],"about":[{"href":"https:\/\/www.macquero.com\/en\/wp-json\/wp\/v2\/types\/post"}],"author":[{"embeddable":true,"href":"https:\/\/www.macquero.com\/en\/wp-json\/wp\/v2\/users\/2"}],"replies":[{"embeddable":true,"href":"https:\/\/www.macquero.com\/en\/wp-json\/wp\/v2\/comments?post=20142"}],"version-history":[{"count":3,"href":"https:\/\/www.macquero.com\/en\/wp-json\/wp\/v2\/posts\/20142\/revisions"}],"predecessor-version":[{"id":20151,"href":"https:\/\/www.macquero.com\/en\/wp-json\/wp\/v2\/posts\/20142\/revisions\/20151"}],"wp:featuredmedia":[{"embeddable":true,"href":"https:\/\/www.macquero.com\/en\/wp-json\/wp\/v2\/media\/20144"}],"wp:attachment":[{"href":"https:\/\/www.macquero.com\/en\/wp-json\/wp\/v2\/media?parent=20142"}],"wp:term":[{"taxonomy":"category","embeddable":true,"href":"https:\/\/www.macquero.com\/en\/wp-json\/wp\/v2\/categories?post=20142"},{"taxonomy":"post_tag","embeddable":true,"href":"https:\/\/www.macquero.com\/en\/wp-json\/wp\/v2\/tags?post=20142"}],"curies":[{"name":"wp","href":"https:\/\/api.w.org\/{rel}","templated":true}]}}