{"id":20138,"date":"2023-09-12T00:20:00","date_gmt":"2023-09-12T06:20:00","guid":{"rendered":"https:\/\/www.macquero.com\/?p=20138"},"modified":"2023-09-10T23:42:48","modified_gmt":"2023-09-11T05:42:48","slug":"el-cuerpo-en-llamas","status":"publish","type":"post","link":"https:\/\/www.macquero.com\/en\/2023\/09\/el-cuerpo-en-llamas\/","title":{"rendered":"El cuerpo en llamas."},"content":{"rendered":"<p>Puntuaci\u00f3n: &#x2b50;&#x2b50;&#x2b50;&#x2b50;&#x2b50;<\/p>\n\n\n\n<p>Miniserie dram\u00e1tica basada en eventos reales<\/p>\n\n\n\n<h2 class=\"wp-block-heading\">Sipnosis<\/h2>\n\n\n\n<p>Mayo de 2017. Los restos carbonizados de Pedro, un polic\u00eda, aparecen en el interior de un coche en un pantano. El hallazgo despierta el inter\u00e9s p\u00fablico cuando la investigaci\u00f3n empieza a revelar una red de relaciones t\u00f3xicas y esc\u00e1ndalos sexuales. <\/p>\n\n\n\n<h3 class=\"wp-block-heading\">Inspirada en hechos reales, el conocido Crimen de la Guardia Urbana<\/h3>\n\n\n\n<p>El cuerpo en llamas&#8217; es una serie inspirada en el crimen ocurrido en mayo de 2017, ampliamente conocido como el caso de &#8216;el de la guardia urbana&#8217;. En dicho incidente, se descubri\u00f3 un auto calcinado en el pantano de Foix, Barcelona, que alberga los restos de una v\u00edctima en su interior.<\/p>\n\n\n\n<p>A medida que avanzaban las investigaciones, agravadas por la dificultad de identificar un cuerpo completamente calcinado, se confirm\u00f3 que la persona fallecida era el agente de tr\u00e1fico Pedro Rodr\u00edguez. A partir de ese momento, todas las sospechas recayeron en su novia, Rosa Peral, y su ex novio, Albert L\u00f3pez, quienes finalmente fueron detenidos y acusados de asesinato.<\/p>\n\n\n\n<blockquote class=\"wp-block-quote is-layout-flow wp-block-quote-is-layout-flow\">\n<p>El cuerpo en llamas&#8217; se desarrolla: como una &#8220;dramatizaci\u00f3n <strong>de crimen y misterio&#8221;,<\/strong> colocando en la figura central a Rosa Peral. (<a rel=\"noreferrer noopener\" href=\"https:\/\/www.instagram.com\/ursulolita\" data-type=\"URL\" data-id=\"https:\/\/www.instagram.com\/ursulolita\" target=\"_blank\">\u00darsula Corber\u00f3<\/a>) Una mujer, por un lado, con dotes de fragilidad a ra\u00edz de sus episodios de ansiedad y depresi\u00f3n, mientras que, por otra parte, desvela un cariz dominante y maquinador en su personalidad.<\/p>\n<\/blockquote>\n\n\n\n<h2 class=\"wp-block-heading\">El documental<\/h2>\n\n\n\n<p>Como a\u00f1adido a la miniserie, Netflix lanz\u00f3 simult\u00e1neamente la pel\u00edcula documental &#8216;Las cintas de Rosa Peral&#8217;, una producci\u00f3n exclusiva para la plataforma que incluye material in\u00e9dito y testimonios directos del fiscal, abogados y periodistas que siguieron el caso.<\/p>\n\n\n\n<figure class=\"wp-block-embed is-type-video is-provider-youtube wp-block-embed-youtube wp-embed-aspect-16-9 wp-has-aspect-ratio\"><div class=\"wp-block-embed__wrapper\">\n<span class=\"embed-youtube\" style=\"text-align:center; display: block;\"><iframe loading=\"lazy\" class=\"youtube-player\" width=\"640\" height=\"360\" src=\"https:\/\/www.youtube.com\/embed\/_gt2KrKv46k?version=3&#038;rel=1&#038;showsearch=0&#038;showinfo=1&#038;iv_load_policy=1&#038;fs=1&#038;hl=en-US&#038;autohide=2&#038;wmode=transparent\" allowfullscreen=\"true\" style=\"border:0;\" sandbox=\"allow-scripts allow-same-origin allow-popups allow-presentation allow-popups-to-escape-sandbox\"><\/iframe><\/span>\n<\/div><\/figure>\n\n\n\n<h2 class=\"wp-block-heading\">Recomendaci\u00f3n<\/h2>\n\n\n\n<p>Para una comprensi\u00f3n completa del documental, recomiendo mirar la dramatizaci\u00f3n para comprender la historia.<\/p>","protected":false},"excerpt":{"rendered":"<p>Puntuaci\u00f3n: &#x2b50;&#x2b50;&#x2b50;&#x2b50;&#x2b50; Miniserie dram\u00e1tica basada en eventos reales Sipnosis Mayo de 2017. Los restos carbonizados de Pedro, un polic\u00eda, aparecen en el interior de un coche en un pantano. El hallazgo despierta el inter\u00e9s p\u00fablico cuando la investigaci\u00f3n empieza a revelar una red de relaciones t\u00f3xicas y esc\u00e1ndalos sexuales. Inspirada en hechos reales, el conocido &hellip;<\/p>","protected":false},"author":2,"featured_media":20140,"comment_status":"closed","ping_status":"closed","sticky":false,"template":"","format":"standard","meta":{"jetpack_post_was_ever_published":false,"_jetpack_newsletter_access":"","_jetpack_dont_email_post_to_subs":false,"_jetpack_newsletter_tier_id":0,"_jetpack_memberships_contains_paywalled_content":false,"_jetpack_memberships_contains_paid_content":false,"footnotes":"","jetpack_publicize_message":"","jetpack_publicize_feature_enabled":true,"jetpack_social_post_already_shared":true,"jetpack_social_options":{"image_generator_settings":{"template":"highway","default_image_id":0,"font":"","enabled":false},"version":2}},"categories":[734,732],"tags":[933,1174,1148],"class_list":["post-20138","post","type-post","status-publish","format-standard","has-post-thumbnail","hentry","category-documentales","category-series","tag-documentales-de-investigacion","tag-dramatizacion","tag-miniseries"],"jetpack_publicize_connections":[],"jetpack_featured_media_url":"https:\/\/www.macquero.com\/wp-content\/uploads\/2023\/09\/oe.jpg","jetpack_sharing_enabled":true,"_links":{"self":[{"href":"https:\/\/www.macquero.com\/en\/wp-json\/wp\/v2\/posts\/20138","targetHints":{"allow":["GET"]}}],"collection":[{"href":"https:\/\/www.macquero.com\/en\/wp-json\/wp\/v2\/posts"}],"about":[{"href":"https:\/\/www.macquero.com\/en\/wp-json\/wp\/v2\/types\/post"}],"author":[{"embeddable":true,"href":"https:\/\/www.macquero.com\/en\/wp-json\/wp\/v2\/users\/2"}],"replies":[{"embeddable":true,"href":"https:\/\/www.macquero.com\/en\/wp-json\/wp\/v2\/comments?post=20138"}],"version-history":[{"count":2,"href":"https:\/\/www.macquero.com\/en\/wp-json\/wp\/v2\/posts\/20138\/revisions"}],"predecessor-version":[{"id":20141,"href":"https:\/\/www.macquero.com\/en\/wp-json\/wp\/v2\/posts\/20138\/revisions\/20141"}],"wp:featuredmedia":[{"embeddable":true,"href":"https:\/\/www.macquero.com\/en\/wp-json\/wp\/v2\/media\/20140"}],"wp:attachment":[{"href":"https:\/\/www.macquero.com\/en\/wp-json\/wp\/v2\/media?parent=20138"}],"wp:term":[{"taxonomy":"category","embeddable":true,"href":"https:\/\/www.macquero.com\/en\/wp-json\/wp\/v2\/categories?post=20138"},{"taxonomy":"post_tag","embeddable":true,"href":"https:\/\/www.macquero.com\/en\/wp-json\/wp\/v2\/tags?post=20138"}],"curies":[{"name":"wp","href":"https:\/\/api.w.org\/{rel}","templated":true}]}}