{"id":20101,"date":"2023-09-05T00:00:00","date_gmt":"2023-09-05T06:00:00","guid":{"rendered":"https:\/\/www.macquero.com\/?p=20101"},"modified":"2023-09-05T16:35:02","modified_gmt":"2023-09-05T22:35:02","slug":"transformers-el-despertar-de-las-bestias","status":"publish","type":"post","link":"https:\/\/www.macquero.com\/en\/2023\/09\/transformers-el-despertar-de-las-bestias\/","title":{"rendered":"Transformers: Awakening of the Beasts."},"content":{"rendered":"<p>Nuestra siguiente sugerencia es una pel\u00edcula obligada para fans.<\/p>\n\n\n\n<h2 class=\"wp-block-heading\">Sipnosis<\/h2>\n\n\n\n<p>Durante la d\u00e9cada de 1990, los Maximals, Predacons y Terrorcons se unen a la batalla existente en la Tierra entre Autobots y Decepticons.<\/p>\n\n\n\n<blockquote class=\"wp-block-quote is-layout-flow wp-block-quote-is-layout-flow\">\n<p>El lanzamiento de la cinta filmada en el Per\u00fa se ve empa\u00f1ado por comentarios desfavorables por parte del sector de la cr\u00edtica especializada. <\/p>\n\n\n\n<p>-A veces, no entiendo por qu\u00e9 me dejo influenciar por las cr\u00edticas antes de verla. Te animo a que la veas por ti mismo y llegues a tus propias conclusiones.<\/p>\n\n\n\n<p><\/p>\n<\/blockquote>\n\n\n\n<p>La producci\u00f3n de &#8220;Transformers: The Rise of the Beasts&#8221; comenz\u00f3 en marzo de 2019 como una secuela de la exitosa &#8220;Bumblebee&#8221;. La filmaci\u00f3n de esta entrega se inici\u00f3 en junio de 2021 en Los \u00c1ngeles, California, y luego se traslad\u00f3 a locaciones en Per\u00fa, como Cusco, Ica (Nazca) y San Mart\u00edn (Tarapoto), entre agosto y octubre. Las \u00faltimas escenas se rodaron el 20 de octubre en Brooklyn y Montreal.<\/p>\n\n\n\n<p>La trama de &#8220;Transformers 7&#8221; se sit\u00faa en los a\u00f1os 90, ampliando la lucha entre los Autobots y Decepticons con la incorporaci\u00f3n de los Maximals y Terrocons. La pel\u00edcula ofrece una visi\u00f3n del pasado de Optimus Prime y las circunstancias que lo llevaron a convertirse en el l\u00edder que conocemos.<\/p>\n\n\n\n<p>Encontr\u00e9 la pel\u00edcula verdaderamente divertida, repleta de emoci\u00f3n y fascinantes escenas de acci\u00f3n, acompa\u00f1adas de una calidad visual excepcional. <\/p>\n\n\n\n<p>Calificaci\u00f3n: &#x2b50;&#x2b50;&#x2b50;&#x2b50;&#x2b50;<\/p>\n\n\n\n<p>No dejes de ver las escenas poscr\u00e9ditos.<\/p>\n\n\n\n<p>Disponible para rentar o comprar en la tienda de <a href=\"https:\/\/tv.apple.com\/mx\/movie\/transformers-el-despertar-de-las-bestias\/umc.cmc.2cv8qi6dv4nfbkjm8jsfhytcp?l=es\" data-type=\"URL\" data-id=\"https:\/\/tv.apple.com\/mx\/movie\/transformers-el-despertar-de-las-bestias\/umc.cmc.2cv8qi6dv4nfbkjm8jsfhytcp?l=es\" target=\"_blank\" rel=\"noreferrer noopener\">\uf8ffTV<\/a>.<\/p>","protected":false},"excerpt":{"rendered":"<p>Nuestra siguiente sugerencia es una pel\u00edcula obligada para fans. Sipnosis Durante la d\u00e9cada de 1990, los Maximals, Predacons y Terrorcons se unen a la batalla existente en la Tierra entre Autobots y Decepticons. El lanzamiento de la cinta filmada en el Per\u00fa se ve empa\u00f1ado por comentarios desfavorables por parte del sector de la cr\u00edtica &hellip;<\/p>","protected":false},"author":2,"featured_media":20103,"comment_status":"open","ping_status":"closed","sticky":false,"template":"","format":"standard","meta":{"jetpack_post_was_ever_published":false,"_jetpack_newsletter_access":"","_jetpack_dont_email_post_to_subs":false,"_jetpack_newsletter_tier_id":0,"_jetpack_memberships_contains_paywalled_content":false,"_jetpack_memberships_contains_paid_content":false,"footnotes":"","jetpack_publicize_message":"","jetpack_publicize_feature_enabled":true,"jetpack_social_post_already_shared":true,"jetpack_social_options":{"image_generator_settings":{"template":"highway","default_image_id":0,"font":"","enabled":false},"version":2}},"categories":[687,688,1244],"tags":[779],"class_list":["post-20101","post","type-post","status-publish","format-standard","has-post-thumbnail","hentry","category-accion-y-aventura","category-ciencia-ficcion","category-recomendada","tag-emocionante"],"jetpack_publicize_connections":[],"jetpack_featured_media_url":"https:\/\/www.macquero.com\/wp-content\/uploads\/2023\/09\/fm.jpg","jetpack_sharing_enabled":true,"_links":{"self":[{"href":"https:\/\/www.macquero.com\/en\/wp-json\/wp\/v2\/posts\/20101","targetHints":{"allow":["GET"]}}],"collection":[{"href":"https:\/\/www.macquero.com\/en\/wp-json\/wp\/v2\/posts"}],"about":[{"href":"https:\/\/www.macquero.com\/en\/wp-json\/wp\/v2\/types\/post"}],"author":[{"embeddable":true,"href":"https:\/\/www.macquero.com\/en\/wp-json\/wp\/v2\/users\/2"}],"replies":[{"embeddable":true,"href":"https:\/\/www.macquero.com\/en\/wp-json\/wp\/v2\/comments?post=20101"}],"version-history":[{"count":6,"href":"https:\/\/www.macquero.com\/en\/wp-json\/wp\/v2\/posts\/20101\/revisions"}],"predecessor-version":[{"id":20108,"href":"https:\/\/www.macquero.com\/en\/wp-json\/wp\/v2\/posts\/20101\/revisions\/20108"}],"wp:featuredmedia":[{"embeddable":true,"href":"https:\/\/www.macquero.com\/en\/wp-json\/wp\/v2\/media\/20103"}],"wp:attachment":[{"href":"https:\/\/www.macquero.com\/en\/wp-json\/wp\/v2\/media?parent=20101"}],"wp:term":[{"taxonomy":"category","embeddable":true,"href":"https:\/\/www.macquero.com\/en\/wp-json\/wp\/v2\/categories?post=20101"},{"taxonomy":"post_tag","embeddable":true,"href":"https:\/\/www.macquero.com\/en\/wp-json\/wp\/v2\/tags?post=20101"}],"curies":[{"name":"wp","href":"https:\/\/api.w.org\/{rel}","templated":true}]}}