{"id":20089,"date":"2023-09-03T00:20:00","date_gmt":"2023-09-03T06:20:00","guid":{"rendered":"https:\/\/www.macquero.com\/?p=20089"},"modified":"2023-09-03T00:14:59","modified_gmt":"2023-09-03T06:14:59","slug":"controversia-en-torno-a-los-iphone-15-en-europa","status":"publish","type":"post","link":"https:\/\/www.macquero.com\/en\/2023\/09\/controversia-en-torno-a-los-iphone-15-en-europa\/","title":{"rendered":"Controversia en torno a los iPhone 15 en Europa."},"content":{"rendered":"<p>El ic\u00f3nico cable Lightning de Apple se encuentra en sus \u00faltimas horas. Esto se debe a las nuevas regulaciones europeas que requieren que todos los fabricantes utilicen un est\u00e1ndar de cable universal, el USB-C, que sea compatible con cualquier dispositivo. Sin embargo, parece que para que los iPhone cumplan con esta normativa, los usuarios podr\u00edan enfrentarse a un gasto adicional.<\/p>\n\n\n\n<p>Hasta ahora, esto podr\u00eda considerarse una evoluci\u00f3n natural en la industria, pero la revelaci\u00f3n de la fecha de la pr\u00f3xima presentaci\u00f3n de Apple ha desatado una considerable controversia. Se trata del cable de carga que acompa\u00f1ar\u00e1 a los esperados iPhone 15.<\/p>\n\n\n\n<blockquote class=\"wp-block-quote is-layout-flow wp-block-quote-is-layout-flow\">\n<p>Como recordar\u00e1s, el Parlamento Europeo aprob\u00f3 en octubre del a\u00f1o pasado una normativa que obligar\u00e1 a los fabricantes de tel\u00e9fonos m\u00f3viles, tabletas y c\u00e1maras a adoptar un cargador universal a partir de 2024.<\/p>\n<\/blockquote>\n\n\n\n<h2 class=\"wp-block-heading\">Lo qu\u00e9 sabemos<\/h2>\n\n\n\n<p>Hace unos meses, la renombrada reveladora de secretos conocida como ShrimpApplePro hizo una afirmaci\u00f3n intrigante en su cuenta de Twitter. Afirm\u00f3 que Apple estaba en proceso de fabricaci\u00f3n de cables USB-C con la certificaci\u00f3n MFi (Made for iPhone). En su serie de tuits, tambi\u00e9n explic\u00f3 que &#8216;los cables sin certificaci\u00f3n MFi se ver\u00edan limitados en t\u00e9rminos de velocidad de carga y transferencia de datos debido a restricciones de software&#8217;.<\/p>\n\n\n\n<p>Dado que las regulaciones europeas exigen que los dispositivos incluyan un conector USB-C, pero no detallan especificaciones t\u00e9cnicas espec\u00edficas en la legislaci\u00f3n, parece que Apple podr\u00eda estar planeando utilizar cables de rendimiento inferior para cumplir con la normativa.<\/p>\n\n\n\n<p>El conocido investigador &#8216;Majin Bu&#8217; ha filtrado informaci\u00f3n adicional, sugiriendo que el cable USB-C que se suministrar\u00e1 con el iPhone 15 ser\u00e1 m\u00e1s robusto y grueso, pero carecer\u00e1 de la certificaci\u00f3n MFi. Este cable contar\u00e1 con 16 pines, tendr\u00e1 una longitud de 1,6 metros y ofrecer\u00e1 velocidades de transferencia USB 2.0 con una capacidad de 20V y 3A. Aunque no se descarta la posibilidad de que los modelos Pro ofrezcan velocidades de transferencia USB 3.0.<\/p>\n\n\n\n<figure class=\"wp-block-embed is-type-rich is-provider-twitter wp-block-embed-twitter\"><div class=\"wp-block-embed__wrapper\">\n<blockquote class=\"twitter-tweet\" data-width=\"500\" data-dnt=\"true\"><p lang=\"en\" dir=\"ltr\">New iPhone 15 USB C Cable Info Confirmed <br>1.6M long<br>16Pins <br>Thicker and more resistant<br>USB 2.0 20V3A <br>No MFI <a href=\"https:\/\/t.co\/WV4unodWPg\">pic.twitter.com\/WV4unodWPg<\/a><\/p>&mdash; Majin Bu (@MajinBuOfficial) <a href=\"https:\/\/twitter.com\/MajinBuOfficial\/status\/1694463233183101216?ref_src=twsrc%5Etfw\">August 23, 2023<\/a><\/blockquote><script async src=\"https:\/\/platform.twitter.com\/widgets.js\" charset=\"utf-8\"><\/script>\n<\/div><\/figure>\n\n\n\n<p>En resumen, estamos ante un cable de transferencia que parece quedarse atr\u00e1s en t\u00e9rminos de velocidad de datos considerando las expectativas de los usuarios para el iPhone 15. Con una limitaci\u00f3n de USB 2.0, la velocidad de transferencia se estanca en 480 Mbps, mientras que con Thunderbolt se podr\u00eda alcanzar impresionantes 40 Gbps.<\/p>\n\n\n\n<blockquote class=\"wp-block-quote is-layout-flow wp-block-quote-is-layout-flow\">\n<p>\u00bfPodr\u00eda esta ser una estrategia para impulsar la compra de cables de mayor rendimiento?<\/p>\n<\/blockquote>\n\n\n\n<p>Otro rumor insin\u00faa que Apple podr\u00eda comercializar un cable USB-C adicional de alta velocidad por separado, proporcionando as\u00ed una soluci\u00f3n para aquellos que buscan una transferencia m\u00e1s r\u00e1pida.<\/p>\n\n\n\n<p>Kosutami, una probadora de productos, mostr\u00f3 lo que parec\u00eda ser un cable de datos independiente dise\u00f1ado para el iPhone 15 Pro. Este cable promet\u00eda una carga de hasta 120 W y una velocidad de transferencia de 40 Gbps gracias al soporte USB4 Gen 2, todo esto con una longitud de 0,8 metros.<\/p>\n\n\n\n<p>\u00bfPodr\u00eda Apple llevar a cabo una estrategia de este tipo? No creo que esto sorprenda a nadie&#8230; al fin y al cabo, ser\u00eda otro ejemplo de Apple siendo simplemente Apple, \u00bfrecuerdas cuando todos nos quedamos asombrados cuando Tim Cook anunci\u00f3 que los nuevos iPhones no incluir\u00edan cargadores en la caja?<\/p>","protected":false},"excerpt":{"rendered":"<p>El ic\u00f3nico cable Lightning de Apple se encuentra en sus \u00faltimas horas. Esto se debe a las nuevas regulaciones europeas que requieren que todos los fabricantes utilicen un est\u00e1ndar de cable universal, el USB-C, que sea compatible con cualquier dispositivo. Sin embargo, parece que para que los iPhone cumplan con esta normativa, los usuarios podr\u00edan &hellip;<\/p>","protected":false},"author":2,"featured_media":20090,"comment_status":"closed","ping_status":"closed","sticky":false,"template":"","format":"standard","meta":{"jetpack_post_was_ever_published":false,"_jetpack_newsletter_access":"","_jetpack_dont_email_post_to_subs":false,"_jetpack_newsletter_tier_id":0,"_jetpack_memberships_contains_paywalled_content":false,"_jetpack_memberships_contains_paid_content":false,"footnotes":"","jetpack_publicize_message":"","jetpack_publicize_feature_enabled":true,"jetpack_social_post_already_shared":true,"jetpack_social_options":{"image_generator_settings":{"template":"highway","default_image_id":0,"font":"","enabled":false},"version":2}},"categories":[5,1237,1054],"tags":[286],"class_list":["post-20089","post","type-post","status-publish","format-standard","has-post-thumbnail","hentry","category-apple","category-noticia","category-rumores","tag-novedades"],"jetpack_publicize_connections":[],"jetpack_featured_media_url":"https:\/\/www.macquero.com\/wp-content\/uploads\/2023\/09\/pp.jpg","jetpack_sharing_enabled":true,"_links":{"self":[{"href":"https:\/\/www.macquero.com\/en\/wp-json\/wp\/v2\/posts\/20089","targetHints":{"allow":["GET"]}}],"collection":[{"href":"https:\/\/www.macquero.com\/en\/wp-json\/wp\/v2\/posts"}],"about":[{"href":"https:\/\/www.macquero.com\/en\/wp-json\/wp\/v2\/types\/post"}],"author":[{"embeddable":true,"href":"https:\/\/www.macquero.com\/en\/wp-json\/wp\/v2\/users\/2"}],"replies":[{"embeddable":true,"href":"https:\/\/www.macquero.com\/en\/wp-json\/wp\/v2\/comments?post=20089"}],"version-history":[{"count":2,"href":"https:\/\/www.macquero.com\/en\/wp-json\/wp\/v2\/posts\/20089\/revisions"}],"predecessor-version":[{"id":20093,"href":"https:\/\/www.macquero.com\/en\/wp-json\/wp\/v2\/posts\/20089\/revisions\/20093"}],"wp:featuredmedia":[{"embeddable":true,"href":"https:\/\/www.macquero.com\/en\/wp-json\/wp\/v2\/media\/20090"}],"wp:attachment":[{"href":"https:\/\/www.macquero.com\/en\/wp-json\/wp\/v2\/media?parent=20089"}],"wp:term":[{"taxonomy":"category","embeddable":true,"href":"https:\/\/www.macquero.com\/en\/wp-json\/wp\/v2\/categories?post=20089"},{"taxonomy":"post_tag","embeddable":true,"href":"https:\/\/www.macquero.com\/en\/wp-json\/wp\/v2\/tags?post=20089"}],"curies":[{"name":"wp","href":"https:\/\/api.w.org\/{rel}","templated":true}]}}