{"id":20072,"date":"2023-08-30T00:20:00","date_gmt":"2023-08-30T06:20:00","guid":{"rendered":"https:\/\/www.macquero.com\/?p=20072"},"modified":"2023-08-29T22:29:08","modified_gmt":"2023-08-30T04:29:08","slug":"apple-respalda-el-derecho-de-los-usuarios-en-estados-unidos-a-reparar-sus-iphones-o-ipads-danados-ofreciendo-piezas-y-manuales-para-llevar-a-cabo-las-reparaciones","status":"publish","type":"post","link":"https:\/\/www.macquero.com\/en\/2023\/08\/apple-respalda-el-derecho-de-los-usuarios-en-estados-unidos-a-reparar-sus-iphones-o-ipads-danados-ofreciendo-piezas-y-manuales-para-llevar-a-cabo-las-reparaciones\/","title":{"rendered":"Apple respalda el derecho de los usuarios en Estados Unidos a reparar sus iPhones o iPads da\u00f1ados, ofreciendo piezas y manuales para llevar a cabo las reparaciones."},"content":{"rendered":"<p>El derecho a reparar es una pol\u00edtica que establece la obligaci\u00f3n para los fabricantes de dispositivos electr\u00f3nicos de proporcionar a los usuarios todas las herramientas, piezas y manuales necesarios para reparar sus propios dispositivos da\u00f1ados, evitando as\u00ed depender del soporte t\u00e9cnico de la marca o de proveedores de servicios autorizados.<\/p>\n\n\n\n<p>Entre las empresas que han adoptado la opci\u00f3n de permitir a los usuarios realizar reparaciones desde sus hogares se encuentra Apple. Recientemente, la compa\u00f1\u00eda ha expresado su respaldo al proyecto de ley de derecho a reparaci\u00f3n en California (Estados Unidos), seg\u00fan informa <a rel=\"noreferrer noopener\" href=\"https:\/\/www.ifixit.com\/News\/79902\/apples-u-turn-tech-giant-finally-backs-repair-in-california\" data-type=\"URL\" data-id=\"https:\/\/www.ifixit.com\/News\/79902\/apples-u-turn-tech-giant-finally-backs-repair-in-california\" target=\"_blank\">iFixit<\/a>. -En una carta dirigida a la senadora de California, Susan Talamantes Eggman, la gigante tecnol\u00f3gica afirm\u00f3 su apoyo al proyecto de ley &#8216;SB 244&#8217;, que demanda que los fabricantes proporcionen herramientas, manuales y piezas a los usuarios para llevar a cabo reparaciones en dispositivos electr\u00f3nicos.<\/p>\n\n\n\n<h2 class=\"wp-block-heading\">En contraste<\/h2>\n\n\n\n<p>Realizar reparaciones de forma independiente no resulta econ\u00f3mico. En los \u00faltimos a\u00f1os, Apple ha modificado su enfoque en relaci\u00f3n a la legislaci\u00f3n sobre el derecho a reparar, e incluso implement\u00f3 un programa de reparaci\u00f3n por autoservicio el a\u00f1o pasado. <\/p>\n\n\n\n<p>Sin embargo, aunque este programa ofrece a los usuarios acceso a herramientas y piezas necesarias, los defensores de esta legislaci\u00f3n sostienen que a\u00fan no constituye una alternativa rentable para la reparaci\u00f3n de dispositivos como iPhone, iPad o Mac.<\/p>","protected":false},"excerpt":{"rendered":"<p>El derecho a reparar es una pol\u00edtica que establece la obligaci\u00f3n para los fabricantes de dispositivos electr\u00f3nicos de proporcionar a los usuarios todas las herramientas, piezas y manuales necesarios para reparar sus propios dispositivos da\u00f1ados, evitando as\u00ed depender del soporte t\u00e9cnico de la marca o de proveedores de servicios autorizados. Entre las empresas que han &hellip;<\/p>","protected":false},"author":2,"featured_media":20073,"comment_status":"closed","ping_status":"closed","sticky":false,"template":"","format":"standard","meta":{"jetpack_post_was_ever_published":false,"_jetpack_newsletter_access":"","_jetpack_dont_email_post_to_subs":false,"_jetpack_newsletter_tier_id":0,"_jetpack_memberships_contains_paywalled_content":false,"_jetpack_memberships_contains_paid_content":false,"footnotes":"","jetpack_publicize_message":"","jetpack_publicize_feature_enabled":true,"jetpack_social_post_already_shared":true,"jetpack_social_options":{"image_generator_settings":{"template":"highway","default_image_id":0,"font":"","enabled":false},"version":2}},"categories":[5,1237],"tags":[286],"class_list":["post-20072","post","type-post","status-publish","format-standard","has-post-thumbnail","hentry","category-apple","category-noticia","tag-novedades"],"jetpack_publicize_connections":[],"jetpack_featured_media_url":"https:\/\/www.macquero.com\/wp-content\/uploads\/2023\/08\/pp-5.jpg","jetpack_sharing_enabled":true,"_links":{"self":[{"href":"https:\/\/www.macquero.com\/en\/wp-json\/wp\/v2\/posts\/20072","targetHints":{"allow":["GET"]}}],"collection":[{"href":"https:\/\/www.macquero.com\/en\/wp-json\/wp\/v2\/posts"}],"about":[{"href":"https:\/\/www.macquero.com\/en\/wp-json\/wp\/v2\/types\/post"}],"author":[{"embeddable":true,"href":"https:\/\/www.macquero.com\/en\/wp-json\/wp\/v2\/users\/2"}],"replies":[{"embeddable":true,"href":"https:\/\/www.macquero.com\/en\/wp-json\/wp\/v2\/comments?post=20072"}],"version-history":[{"count":1,"href":"https:\/\/www.macquero.com\/en\/wp-json\/wp\/v2\/posts\/20072\/revisions"}],"predecessor-version":[{"id":20074,"href":"https:\/\/www.macquero.com\/en\/wp-json\/wp\/v2\/posts\/20072\/revisions\/20074"}],"wp:featuredmedia":[{"embeddable":true,"href":"https:\/\/www.macquero.com\/en\/wp-json\/wp\/v2\/media\/20073"}],"wp:attachment":[{"href":"https:\/\/www.macquero.com\/en\/wp-json\/wp\/v2\/media?parent=20072"}],"wp:term":[{"taxonomy":"category","embeddable":true,"href":"https:\/\/www.macquero.com\/en\/wp-json\/wp\/v2\/categories?post=20072"},{"taxonomy":"post_tag","embeddable":true,"href":"https:\/\/www.macquero.com\/en\/wp-json\/wp\/v2\/tags?post=20072"}],"curies":[{"name":"wp","href":"https:\/\/api.w.org\/{rel}","templated":true}]}}