{"id":20069,"date":"2023-08-29T22:03:19","date_gmt":"2023-08-30T04:03:19","guid":{"rendered":"https:\/\/www.macquero.com\/?p=20069"},"modified":"2023-08-29T22:03:23","modified_gmt":"2023-08-30T04:03:23","slug":"apple-ha-revelado-la-fecha-oficial-de-su-keynote-el-12-de-septiembre-tendremos-el-placer-de-conocer-el-iphone-15","status":"publish","type":"post","link":"https:\/\/www.macquero.com\/en\/2023\/08\/apple-ha-revelado-la-fecha-oficial-de-su-keynote-el-12-de-septiembre-tendremos-el-placer-de-conocer-el-iphone-15\/","title":{"rendered":"Apple ha revelado la fecha oficial de su Keynote: el 12 de septiembre tendremos el placer de conocer el iPhone 15."},"content":{"rendered":"<p>El pr\u00f3ximo evento de la marca ser\u00e1 transmitido en vivo a trav\u00e9s de su p\u00e1gina oficial. Durante este evento, se espera que se presente la muy anticipada l\u00ednea de tel\u00e9fonos iPhone 15, as\u00ed como los innovadores relojes inteligentes Apple Watch. Adem\u00e1s de estas emocionantes revelaciones, existe la posibilidad de que el fabricante tambi\u00e9n presente una renovaci\u00f3n de los tan esperados AirPods Pro, que podr\u00edan incluir un puerto USB-C en su estuche de carga.<\/p>\n\n\n\n<p>Con el lema &#8216;Wonderlust&#8217;, Apple tiene la intenci\u00f3n de presentar todas sus nuevas incorporaciones en el \u00e1mbito de dispositivos. <\/p>\n\n\n\n<h2 class=\"wp-block-heading\">En a\u00f1adidura<\/h2>\n\n\n\n<p>Las recientes investigaciones en la versi\u00f3n beta de iOS 17 han sacado a la luz la presencia de un nuevo bot\u00f3n de acci\u00f3n f\u00edsica en el pr\u00f3ximo iPhone, siguiendo el ejemplo del Apple Watch Ultra. Este bot\u00f3n permitir\u00e1 configurar una variedad de accesos directos a aplicaciones y funciones espec\u00edficas. Adem\u00e1s, se anticipa que este bot\u00f3n reemplazar\u00e1 al bot\u00f3n actualmente dedicado a la activaci\u00f3n o desactivaci\u00f3n del modo &#8216;Silencio&#8217;.<\/p>\n\n\n\n<p>En otro orden de ideas, los pr\u00f3ximos modelos de iPhone 15 podr\u00edan ser compatibles con cargas de hasta 35 W, gracias a la transici\u00f3n al puerto de carga USB-C. Esta mejora se traducir\u00eda en una velocidad de carga sin precedentes para los dispositivos de Apple. Sin embargo, a\u00fan no se han proporcionado detalles sobre si esta capacidad de carga de 35 W estar\u00e1 disponible en todos los modelos de la nueva serie de iPhone o si estar\u00e1 limitada \u00fanicamente a los modelos Pro.<\/p>\n\n\n\n<p>Fuente: <a href=\"https:\/\/tech.hindustantimes.com\/tech\/news\/wonderlust-apple-event-launch-date-confirmed-iphone-15-launch-set-for-september-12-71693324900998.html\" data-type=\"URL\" data-id=\"https:\/\/tech.hindustantimes.com\/tech\/news\/wonderlust-apple-event-launch-date-confirmed-iphone-15-launch-set-for-september-12-71693324900998.html\" target=\"_blank\" rel=\"noreferrer noopener\">tech.hindustantimes.com<\/a> <\/p>","protected":false},"excerpt":{"rendered":"<p>El pr\u00f3ximo evento de la marca ser\u00e1 transmitido en vivo a trav\u00e9s de su p\u00e1gina oficial. Durante este evento, se espera que se presente la muy anticipada l\u00ednea de tel\u00e9fonos iPhone 15, as\u00ed como los innovadores relojes inteligentes Apple Watch. Adem\u00e1s de estas emocionantes revelaciones, existe la posibilidad de que el fabricante tambi\u00e9n presente una &hellip;<\/p>","protected":false},"author":2,"featured_media":20070,"comment_status":"closed","ping_status":"closed","sticky":false,"template":"","format":"standard","meta":{"jetpack_post_was_ever_published":false,"_jetpack_newsletter_access":"","_jetpack_dont_email_post_to_subs":false,"_jetpack_newsletter_tier_id":0,"_jetpack_memberships_contains_paywalled_content":false,"_jetpack_memberships_contains_paid_content":false,"footnotes":"","jetpack_publicize_message":"","jetpack_publicize_feature_enabled":true,"jetpack_social_post_already_shared":true,"jetpack_social_options":{"image_generator_settings":{"template":"highway","default_image_id":0,"font":"","enabled":false},"version":2}},"categories":[5,1097],"tags":[1105],"class_list":["post-20069","post","type-post","status-publish","format-standard","has-post-thumbnail","hentry","category-apple","category-keynote","tag-noticia"],"jetpack_publicize_connections":[],"jetpack_featured_media_url":"https:\/\/www.macquero.com\/wp-content\/uploads\/2023\/08\/Captura-de-pantalla-2023-08-30-a-las-12.23.30-a.-m.png","jetpack_sharing_enabled":true,"_links":{"self":[{"href":"https:\/\/www.macquero.com\/en\/wp-json\/wp\/v2\/posts\/20069","targetHints":{"allow":["GET"]}}],"collection":[{"href":"https:\/\/www.macquero.com\/en\/wp-json\/wp\/v2\/posts"}],"about":[{"href":"https:\/\/www.macquero.com\/en\/wp-json\/wp\/v2\/types\/post"}],"author":[{"embeddable":true,"href":"https:\/\/www.macquero.com\/en\/wp-json\/wp\/v2\/users\/2"}],"replies":[{"embeddable":true,"href":"https:\/\/www.macquero.com\/en\/wp-json\/wp\/v2\/comments?post=20069"}],"version-history":[{"count":1,"href":"https:\/\/www.macquero.com\/en\/wp-json\/wp\/v2\/posts\/20069\/revisions"}],"predecessor-version":[{"id":20071,"href":"https:\/\/www.macquero.com\/en\/wp-json\/wp\/v2\/posts\/20069\/revisions\/20071"}],"wp:featuredmedia":[{"embeddable":true,"href":"https:\/\/www.macquero.com\/en\/wp-json\/wp\/v2\/media\/20070"}],"wp:attachment":[{"href":"https:\/\/www.macquero.com\/en\/wp-json\/wp\/v2\/media?parent=20069"}],"wp:term":[{"taxonomy":"category","embeddable":true,"href":"https:\/\/www.macquero.com\/en\/wp-json\/wp\/v2\/categories?post=20069"},{"taxonomy":"post_tag","embeddable":true,"href":"https:\/\/www.macquero.com\/en\/wp-json\/wp\/v2\/tags?post=20069"}],"curies":[{"name":"wp","href":"https:\/\/api.w.org\/{rel}","templated":true}]}}