{"id":20044,"date":"2023-08-25T00:20:00","date_gmt":"2023-08-25T06:20:00","guid":{"rendered":"https:\/\/www.macquero.com\/?p=20044"},"modified":"2023-08-23T10:05:58","modified_gmt":"2023-08-23T16:05:58","slug":"de-acuerdo-con-las-especulaciones-el-proximo-iphone-15-de-apple-sera-compatible-con-tecnologia-de-carga-rapida-de-hasta-35-w","status":"publish","type":"post","link":"https:\/\/www.macquero.com\/en\/2023\/08\/de-acuerdo-con-las-especulaciones-el-proximo-iphone-15-de-apple-sera-compatible-con-tecnologia-de-carga-rapida-de-hasta-35-w\/","title":{"rendered":"De acuerdo con las especulaciones, el pr\u00f3ximo iPhone 15 de Apple ser\u00e1 compatible con tecnolog\u00eda de carga r\u00e1pida de hasta 35 W."},"content":{"rendered":"<p>Los futuros smartphones iPhone 15 podr\u00edan ser compatibles con cargas de hasta 35 W, esto se debe a la transici\u00f3n hacia el puerto de carga USB-C, lo que resultar\u00eda en la carga m\u00e1s veloz jam\u00e1s lograda en dispositivos de Apple.<\/p>\n\n\n\n<p>La empresa encabezada por Tim Cook tiene la intenci\u00f3n de sustituir el conector de carga Lightning por un puerto USB-C en sus dispositivos, especialmente en los smartphones, al menos en la Uni\u00f3n Europea. Esta medida ya fue confirmada en octubre del a\u00f1o pasado.<\/p>\n\n\n\n<p>En este contexto, varios expertos como Ming-Chi Kuo han se\u00f1alado que al emplear este tipo de conector, los iPhone podr\u00edan soportar velocidades de carga superiores. Esto se debe a que podr\u00eda mejorar tanto la rapidez de transferencia de datos como la velocidad de carga del iPhone.<\/p>\n\n\n\n<p>Ahora, fuentes an\u00f3nimas de la industria, a las que ha tenido acceso\u00a0<a rel=\"noreferrer noopener\" href=\"https:\/\/9to5mac.com\/2023\/08\/17\/iphone-15-faster-charging-35w\/\" target=\"_blank\">9to5Mac<\/a>, han afirmado que al menos algunos de los futuros modelos de iPhone 15 ser\u00e1n capaces de alcanzar velocidades de carga de hasta 35 W mediante el uso del conector USB-C, lo que marcar\u00eda un hito como la carga m\u00e1s r\u00e1pida lograda en los dispositivos m\u00f3viles de Apple.<\/p>\n\n\n\n<p>En la gama actual de modelos de iPhone, el iPhone 14 Pro ya admite cargas de 27 W, y siguiendo esta progresi\u00f3n, el iPhone 14 est\u00e1ndar llega a los 20 W en velocidad de carga.<\/p>\n\n\n\n<p>No obstante, esta misma fuente ha sugerido que para lograr los 35 W, los usuarios podr\u00edan requerir el uso del cargador Dual USB-C de 35 W, que Apple lanz\u00f3 al mercado el a\u00f1o pasado. De esta manera, el iPhone podr\u00eda aprovechar la potencia proporcionada por dicho cargador para alcanzar su velocidad m\u00e1xima de carga.<\/p>\n\n\n\n<p>Aunque no se han proporcionado detalles espec\u00edficos, estas fuentes no han aclarado si la opci\u00f3n de carga de 35 W estar\u00e1 disponible en todos los modelos de la pr\u00f3xima serie de iPhone o si estar\u00e1 limitada exclusivamente a los modelos Pro.<\/p>","protected":false},"excerpt":{"rendered":"<p>Los futuros smartphones iPhone 15 podr\u00edan ser compatibles con cargas de hasta 35 W, esto se debe a la transici\u00f3n hacia el puerto de carga USB-C, lo que resultar\u00eda en la carga m\u00e1s veloz jam\u00e1s lograda en dispositivos de Apple. La empresa encabezada por Tim Cook tiene la intenci\u00f3n de sustituir el conector de carga &hellip;<\/p>","protected":false},"author":2,"featured_media":20045,"comment_status":"closed","ping_status":"closed","sticky":false,"template":"","format":"standard","meta":{"jetpack_post_was_ever_published":false,"_jetpack_newsletter_access":"","_jetpack_dont_email_post_to_subs":false,"_jetpack_newsletter_tier_id":0,"_jetpack_memberships_contains_paywalled_content":false,"_jetpack_memberships_contains_paid_content":false,"footnotes":"","jetpack_publicize_message":"","jetpack_publicize_feature_enabled":true,"jetpack_social_post_already_shared":true,"jetpack_social_options":{"image_generator_settings":{"template":"highway","default_image_id":0,"font":"","enabled":false},"version":2}},"categories":[5,1054],"tags":[286],"class_list":["post-20044","post","type-post","status-publish","format-standard","has-post-thumbnail","hentry","category-apple","category-rumores","tag-novedades"],"jetpack_publicize_connections":[],"jetpack_featured_media_url":"https:\/\/www.macquero.com\/wp-content\/uploads\/2023\/08\/pp-3.jpg","jetpack_sharing_enabled":true,"_links":{"self":[{"href":"https:\/\/www.macquero.com\/en\/wp-json\/wp\/v2\/posts\/20044","targetHints":{"allow":["GET"]}}],"collection":[{"href":"https:\/\/www.macquero.com\/en\/wp-json\/wp\/v2\/posts"}],"about":[{"href":"https:\/\/www.macquero.com\/en\/wp-json\/wp\/v2\/types\/post"}],"author":[{"embeddable":true,"href":"https:\/\/www.macquero.com\/en\/wp-json\/wp\/v2\/users\/2"}],"replies":[{"embeddable":true,"href":"https:\/\/www.macquero.com\/en\/wp-json\/wp\/v2\/comments?post=20044"}],"version-history":[{"count":1,"href":"https:\/\/www.macquero.com\/en\/wp-json\/wp\/v2\/posts\/20044\/revisions"}],"predecessor-version":[{"id":20046,"href":"https:\/\/www.macquero.com\/en\/wp-json\/wp\/v2\/posts\/20044\/revisions\/20046"}],"wp:featuredmedia":[{"embeddable":true,"href":"https:\/\/www.macquero.com\/en\/wp-json\/wp\/v2\/media\/20045"}],"wp:attachment":[{"href":"https:\/\/www.macquero.com\/en\/wp-json\/wp\/v2\/media?parent=20044"}],"wp:term":[{"taxonomy":"category","embeddable":true,"href":"https:\/\/www.macquero.com\/en\/wp-json\/wp\/v2\/categories?post=20044"},{"taxonomy":"post_tag","embeddable":true,"href":"https:\/\/www.macquero.com\/en\/wp-json\/wp\/v2\/tags?post=20044"}],"curies":[{"name":"wp","href":"https:\/\/api.w.org\/{rel}","templated":true}]}}