{"id":20041,"date":"2023-08-24T00:20:00","date_gmt":"2023-08-24T06:20:00","guid":{"rendered":"https:\/\/www.macquero.com\/?p=20041"},"modified":"2023-08-23T09:56:30","modified_gmt":"2023-08-23T15:56:30","slug":"los-lentes-apple-vision-pro-podrian-tener-mas-capacidad-de-almacenamiento-que-un-iphone","status":"publish","type":"post","link":"https:\/\/www.macquero.com\/en\/2023\/08\/los-lentes-apple-vision-pro-podrian-tener-mas-capacidad-de-almacenamiento-que-un-iphone\/","title":{"rendered":"Los lentes Apple Vision Pro podr\u00edan tener m\u00e1s capacidad de almacenamiento que un iPhone."},"content":{"rendered":"<p>Aunque las Apple Vision Pro no se encontrar\u00e1n disponibles hasta el a\u00f1o 2024, gradualmente se est\u00e1n revelando m\u00e1s detalles acerca de sus especificaciones gracias a las filtraciones proporcionadas por los primeros evaluadores del dispositivo. Entre estos detalles, destaca la capacidad de almacenamiento que se espera incluya.<\/p>\n\n\n\n<p>De acuerdo con informaci\u00f3n de <strong>iPhoneSoft,<\/strong> se anticipa que las Vision Pro ofrezcan una capacidad de almacenamiento local de 1 TB. Sin embargo, tambi\u00e9n se prev\u00e9 que est\u00e9n disponibles variantes con opciones de 2 TB o 4 TB, dirigidas a aquellos usuarios que requieran mayor espacio de almacenamiento. Naturalmente, a medida que se incrementa la capacidad, tambi\u00e9n aumentar\u00e1 el costo correspondiente.<\/p>\n\n\n\n<p>La decisi\u00f3n de dotar a los lentes de realidad mixta de Apple con tal cantidad de espacio no es sorprendente, ya que es esencial para alojar las diversas aplicaciones y archivos necesarios. Sin embargo, existe la posibilidad de que Apple comercialice versiones iniciales con 256 GB de almacenamiento a un precio base, y ofrezca las opciones de 512 GB y 1 TB por un precio adicional.<\/p>\n\n\n\n<blockquote class=\"wp-block-quote is-layout-flow wp-block-quote-is-layout-flow\">\n<p>De hecho, estas capacidades de almacenamiento superan las que se encuentran disponibles de forma est\u00e1ndar en el iPhone 15. Si se siguen patrones similares a modelos anteriores, el iPhone 15 podr\u00eda contar con hasta 512 GB de almacenamiento.<\/p>\n<\/blockquote>\n\n\n\n<p>Adem\u00e1s, la compa\u00f1\u00eda est\u00e1 enfocando este dispositivo como una computadora aut\u00f3noma, aprovechando el potente chip M2 que tambi\u00e9n impulsa las l\u00edneas de iPad Pro y Mac. No obstante, es posible que las especificaciones del hardware en las versiones de desarrollador y la versi\u00f3n final de las Vision Pro no sean id\u00e9nticas.<\/p>\n\n\n\n<p>La inclusi\u00f3n del chip M2 en esta computadora de 3.500 d\u00f3lares proporcionar\u00e1 una autonom\u00eda de bater\u00eda estimada en alrededor de 2 horas, aunque a\u00fan no se han determinado otros detalles espec\u00edficos. Se espera que la producci\u00f3n de unidades sea limitada, ya que, hasta el momento, parece ser un dispositivo experimental de alta gama.<\/p>\n\n\n\n<p>La Apple Vision Pro tiene previsto su lanzamiento en los Estados Unidos a comienzos de 2024, con planes de expansi\u00f3n internacional a medida que avance dicho a\u00f1o.<\/p>","protected":false},"excerpt":{"rendered":"<p>Aunque las Apple Vision Pro no se encontrar\u00e1n disponibles hasta el a\u00f1o 2024, gradualmente se est\u00e1n revelando m\u00e1s detalles acerca de sus especificaciones gracias a las filtraciones proporcionadas por los primeros evaluadores del dispositivo. Entre estos detalles, destaca la capacidad de almacenamiento que se espera incluya. De acuerdo con informaci\u00f3n de iPhoneSoft, se anticipa que &hellip;<\/p>","protected":false},"author":2,"featured_media":20042,"comment_status":"closed","ping_status":"closed","sticky":false,"template":"","format":"standard","meta":{"jetpack_post_was_ever_published":false,"_jetpack_newsletter_access":"","_jetpack_dont_email_post_to_subs":false,"_jetpack_newsletter_tier_id":0,"_jetpack_memberships_contains_paywalled_content":false,"_jetpack_memberships_contains_paid_content":false,"footnotes":"","jetpack_publicize_message":"","jetpack_publicize_feature_enabled":true,"jetpack_social_post_already_shared":true,"jetpack_social_options":{"image_generator_settings":{"template":"highway","default_image_id":0,"font":"","enabled":false},"version":2}},"categories":[5,1237],"tags":[286],"class_list":["post-20041","post","type-post","status-publish","format-standard","has-post-thumbnail","hentry","category-apple","category-noticia","tag-novedades"],"jetpack_publicize_connections":[],"jetpack_featured_media_url":"https:\/\/www.macquero.com\/wp-content\/uploads\/2023\/08\/pp-2.jpg","jetpack_sharing_enabled":true,"_links":{"self":[{"href":"https:\/\/www.macquero.com\/en\/wp-json\/wp\/v2\/posts\/20041","targetHints":{"allow":["GET"]}}],"collection":[{"href":"https:\/\/www.macquero.com\/en\/wp-json\/wp\/v2\/posts"}],"about":[{"href":"https:\/\/www.macquero.com\/en\/wp-json\/wp\/v2\/types\/post"}],"author":[{"embeddable":true,"href":"https:\/\/www.macquero.com\/en\/wp-json\/wp\/v2\/users\/2"}],"replies":[{"embeddable":true,"href":"https:\/\/www.macquero.com\/en\/wp-json\/wp\/v2\/comments?post=20041"}],"version-history":[{"count":1,"href":"https:\/\/www.macquero.com\/en\/wp-json\/wp\/v2\/posts\/20041\/revisions"}],"predecessor-version":[{"id":20043,"href":"https:\/\/www.macquero.com\/en\/wp-json\/wp\/v2\/posts\/20041\/revisions\/20043"}],"wp:featuredmedia":[{"embeddable":true,"href":"https:\/\/www.macquero.com\/en\/wp-json\/wp\/v2\/media\/20042"}],"wp:attachment":[{"href":"https:\/\/www.macquero.com\/en\/wp-json\/wp\/v2\/media?parent=20041"}],"wp:term":[{"taxonomy":"category","embeddable":true,"href":"https:\/\/www.macquero.com\/en\/wp-json\/wp\/v2\/categories?post=20041"},{"taxonomy":"post_tag","embeddable":true,"href":"https:\/\/www.macquero.com\/en\/wp-json\/wp\/v2\/tags?post=20041"}],"curies":[{"name":"wp","href":"https:\/\/api.w.org\/{rel}","templated":true}]}}