{"id":20004,"date":"2023-08-13T00:20:00","date_gmt":"2023-08-13T06:20:00","guid":{"rendered":"https:\/\/www.macquero.com\/?p=20004"},"modified":"2023-08-12T03:59:18","modified_gmt":"2023-08-12T09:59:18","slug":"secuestro-aereo-hijack","status":"publish","type":"post","link":"https:\/\/www.macquero.com\/en\/2023\/08\/secuestro-aereo-hijack\/","title":{"rendered":"Secuestro a\u00e9reo. &#8211; Hijack."},"content":{"rendered":"<p>Nuestra siguiente sugerencia es otra verdadera joya televisiva que se encuentra disponible en la plataforma de Apple TV.<\/p>\n\n\n\n<h2 class=\"wp-block-heading\">Sipnosis<\/h2>\n\n\n\n<p>Un tenso y claustrof\u00f3bico thriller de siete horas<strong>\u00a0narrado en tiempo real,<\/strong>\u00a0en el que el protagonista intenta poner en marcha un audaz plan para negociar con los secuestradores dentro del propio avi\u00f3n.<\/p>\n\n\n\n<p>Apenas 20 minutos posterior al despegue desde Dub\u00e1i rumbo a Londres, se desencadena una crisis entre los pasajeros y la tripulaci\u00f3n. La angustia se apodera de ellos al temer por sus vidas, anhelando desesperadamente solicitar auxilio y conectarse con sus seres queridos. <\/p>\n\n\n\n<p>Las discusiones giran en torno a la posibilidad de contraatacar. En el epicentro de este caos se encuentra Sam Nelson, el papel interpretado por <strong>Idris Elba<\/strong>, un hombre que viaja con la esperanza de reconquistar a su ex mujer y reunirse con su hijo.<\/p>\n\n\n\n<h3 class=\"wp-block-heading\">Origen de la idea<\/h3>\n\n\n\n<p>Elba relat\u00f3: &#8220;Mientras viajaba en un Eurostar atravesando un t\u00fanel, el tren se detuvo de manera abrupta&#8221;, detalla George Kay. &#8220;Aunque sab\u00eda que todo estaba en orden, me surgieron pensamientos sobre qu\u00e9 ocurrir\u00eda si nos encontr\u00e1ramos en una crisis all\u00ed adentro&#8221;, agrega. &#8220;Observ\u00e9 a mi alrededor y me cuestion\u00e9: \u00bfc\u00f3mo nos las ingeniar\u00edamos como grupo?&#8221;.<\/p>\n\n\n\n<p>Por otro lado, el creador de la serie se esforz\u00f3 por concebir la posible reacci\u00f3n de cada individuo en el vag\u00f3n. &#8220;\u00bfQu\u00e9 identidades y personalidades se ocultan detr\u00e1s de los estereotipos y las primeras impresiones?&#8221;, reflexiona. Reconoce que este flujo de pensamientos lo llev\u00f3 a considerar los ataques terroristas, y c\u00f3mo se desenvuelven las situaciones &#8220;cuando la situaci\u00f3n se complica y los gobiernos se ven arrastrados hacia los extremos&#8221;.<\/p>\n\n\n\n<h2 class=\"wp-block-heading\">El personaje<\/h2>\n\n\n\n<p>Sam Nelson desempe\u00f1a el rol de un negociador pero, en el \u00e1mbito empresarial. Su presencia se convierte en un recurso cuando se negocian significativas fusiones y adquisiciones, desempe\u00f1ando un papel crucial en la conclusi\u00f3n exitosa de estos tratos.<\/p>\n\n\n\n<p>&#8220;Sam Nelson carece de las destrezas propias de un marine, soldado o polic\u00eda, aunque su imponente apariencia podr\u00eda sugerir lo contrario&#8221;, detalla Kay. &#8220;Esto abri\u00f3 la puerta para explorar la percepci\u00f3n de los secuestradores hacia Sam Nelson, as\u00ed como las suposiciones de Sam Nelson acerca de lo que piensan sobre otras personas, creando as\u00ed m\u00faltiples capas de complejidad&#8221;.<\/p>\n\n\n\n<blockquote class=\"wp-block-quote is-layout-flow wp-block-quote-is-layout-flow\">\n<p>&#8220;Una serie destinada para los amantes de los thrillers y los enigmas, esta serie re\u00fane todos esos elementos en su trama principal&#8221;, subraya el protagonista, Elba.<\/p>\n<\/blockquote>\n\n\n\n<p>La duraci\u00f3n de la temporada coincide con la del vuelo, otorgando al drama una evoluci\u00f3n en tiempo real. Se trata de un thriller de ritmo gradual, donde las vueltas de tuerca sorprenden y resultan impredecibles.&#8221;<\/p>\n\n\n\n<p>Calificaci\u00f3n: &#x2b50;&#x2b50;&#x2b50;&#x2b50;&#x2b50; Cinco, merecidas estrellas.<\/p>\n\n\n\n<p>Disponible con una suscripci\u00f3n de <a href=\"https:\/\/tv.apple.com\/mx\/show\/secuestro-aereo\/umc.cmc.1dg08zn0g3zx52hs8npoj5qe3?ctx_brand=tvs.sbd.4000&amp;l=es\" data-type=\"URL\" data-id=\"https:\/\/tv.apple.com\/mx\/show\/secuestro-aereo\/umc.cmc.1dg08zn0g3zx52hs8npoj5qe3?ctx_brand=tvs.sbd.4000&amp;l=es\" target=\"_blank\" rel=\"noreferrer noopener\">\uf8ffTV<\/a>.<\/p>","protected":false},"excerpt":{"rendered":"<p>Nuestra siguiente sugerencia es otra verdadera joya televisiva que se encuentra disponible en la plataforma de Apple TV. Sipnosis Un tenso y claustrof\u00f3bico thriller de siete horas\u00a0narrado en tiempo real,\u00a0en el que el protagonista intenta poner en marcha un audaz plan para negociar con los secuestradores dentro del propio avi\u00f3n. Apenas 20 minutos posterior al &hellip;<\/p>","protected":false},"author":2,"featured_media":20008,"comment_status":"closed","ping_status":"closed","sticky":false,"template":"","format":"standard","meta":{"jetpack_post_was_ever_published":false,"_jetpack_newsletter_access":"","_jetpack_dont_email_post_to_subs":false,"_jetpack_newsletter_tier_id":0,"_jetpack_memberships_contains_paywalled_content":false,"_jetpack_memberships_contains_paid_content":false,"footnotes":"","jetpack_publicize_message":"","jetpack_publicize_feature_enabled":true,"jetpack_social_post_already_shared":true,"jetpack_social_options":{"image_generator_settings":{"template":"highway","default_image_id":0,"font":"","enabled":false},"version":2}},"categories":[1244,1243,692],"tags":[432,889],"class_list":["post-20004","post","type-post","status-publish","format-standard","has-post-thumbnail","hentry","category-recomendada","category-series-originales","category-thriller","tag-suspenso","tag-thriller-de-accion"],"jetpack_publicize_connections":[],"jetpack_featured_media_url":"https:\/\/www.macquero.com\/wp-content\/uploads\/2023\/08\/ro.jpg","jetpack_sharing_enabled":true,"_links":{"self":[{"href":"https:\/\/www.macquero.com\/en\/wp-json\/wp\/v2\/posts\/20004","targetHints":{"allow":["GET"]}}],"collection":[{"href":"https:\/\/www.macquero.com\/en\/wp-json\/wp\/v2\/posts"}],"about":[{"href":"https:\/\/www.macquero.com\/en\/wp-json\/wp\/v2\/types\/post"}],"author":[{"embeddable":true,"href":"https:\/\/www.macquero.com\/en\/wp-json\/wp\/v2\/users\/2"}],"replies":[{"embeddable":true,"href":"https:\/\/www.macquero.com\/en\/wp-json\/wp\/v2\/comments?post=20004"}],"version-history":[{"count":3,"href":"https:\/\/www.macquero.com\/en\/wp-json\/wp\/v2\/posts\/20004\/revisions"}],"predecessor-version":[{"id":20007,"href":"https:\/\/www.macquero.com\/en\/wp-json\/wp\/v2\/posts\/20004\/revisions\/20007"}],"wp:featuredmedia":[{"embeddable":true,"href":"https:\/\/www.macquero.com\/en\/wp-json\/wp\/v2\/media\/20008"}],"wp:attachment":[{"href":"https:\/\/www.macquero.com\/en\/wp-json\/wp\/v2\/media?parent=20004"}],"wp:term":[{"taxonomy":"category","embeddable":true,"href":"https:\/\/www.macquero.com\/en\/wp-json\/wp\/v2\/categories?post=20004"},{"taxonomy":"post_tag","embeddable":true,"href":"https:\/\/www.macquero.com\/en\/wp-json\/wp\/v2\/tags?post=20004"}],"curies":[{"name":"wp","href":"https:\/\/api.w.org\/{rel}","templated":true}]}}