{"id":20000,"date":"2023-08-12T00:20:00","date_gmt":"2023-08-12T06:20:00","guid":{"rendered":"https:\/\/www.macquero.com\/?p=20000"},"modified":"2023-08-11T07:13:14","modified_gmt":"2023-08-11T13:13:14","slug":"medicina-letal-painkiller","status":"publish","type":"post","link":"https:\/\/www.macquero.com\/en\/2023\/08\/medicina-letal-painkiller\/","title":{"rendered":"Medicina letal. &#8211; Painkiller."},"content":{"rendered":"<p>Puntuaci\u00f3n: &#x2b50;&#x2b50;&#x2b50;&#x2b50;<\/p>\n\n\n\n<p>Nuestra pr\u00f3xima sugerencia est\u00e1 en tendencia y a continuaci\u00f3n te explico por qu\u00e9.<\/p>\n\n\n\n<h2 class=\"wp-block-heading\">Sipnosis<\/h2>\n\n\n\n<p>Los or\u00edgenes de las crisis de opioides en los Estados Unidos, vistos a trav\u00e9s de los ojos de los perpetradores, las v\u00edctimas y los buscadores de la verdad.<\/p>\n\n\n\n<p>La miniserie estructura su narrativa en base al art\u00edculo titulado &#8220;La familia que forj\u00f3 un imperio de sufrimiento&#8221;, publicado en The New Yorker por Patrick Radden Keefe, as\u00ed como en el libro &#8220;Pain Killer: un imperio de enga\u00f1o y el origen de la epidemia de opioides en Estados Unidos&#8221;, escrito por Barry Meier. <\/p>\n\n\n\n<p>Sin embargo, desde el principio, se evidencia cierta dificultad en abordar de manera profunda las diversas dimensiones del perjuicio causado por Purdue Pharma. (En vez de profundizar en los pormenores, la miniserie elige una sobreexplicaci\u00f3n que busca satisfacer otros \u00e1ngulos de las diferentes historias).<\/p>\n\n\n\n<h2 class=\"wp-block-heading\">Para ser m\u00e1s exacto<\/h2>\n\n\n\n<p>En una de las secuencias iniciales de &#8220;Medicina letal&#8221;, se aprecia un enfoque pedag\u00f3gico, en la que el personaje de la investigadora Edie Flowers (interpretado por <a rel=\"noreferrer noopener\" href=\"https:\/\/www.instagram.com\/uzoaduba\/\" data-type=\"URL\" data-id=\"https:\/\/www.instagram.com\/uzoaduba\/\" target=\"_blank\">Uzo Aduba<\/a>) expone a las mismas personas que interrogaron al presidente de Purdue Pharma, Richard Sackler (<strong>Matthew Broderick<\/strong>), sobre el progresivo aumento en el consumo de oxicodona debido a su alta capacidad adictiva. <\/p>\n\n\n\n<p>Tambi\u00e9n se explora la raz\u00f3n detr\u00e1s de su creaci\u00f3n, la evoluci\u00f3n del mercado del dolor, los m\u00e9dicos que distribu\u00edan el opioide con pleno conocimiento de la ruptura del juramento hipocr\u00e1tico, y los representantes de la farmac\u00e9utica que se lucraban con la venta de dosis de oxicodona a trav\u00e9s de estos m\u00e9dicos. <\/p>\n\n\n\n<h2 class=\"wp-block-heading\">Eric Newman, expres\u00f3<\/h2>\n\n\n\n<p>Durante una conversaci\u00f3n con Tudum, el productor ejecutivo Eric Newman expres\u00f3: &#8220;que la crisis de los opi\u00e1ceos representa una tragedia que ha ido desarroll\u00e1ndose a lo largo de d\u00e9cadas y que actualmente constituye una de las crisis de salud p\u00fablica m\u00e1s devastadoras de nuestra \u00e9poca&#8221;. <\/p>\n\n\n\n<p>A diferencia de otras crisis de drogas originadas en la producci\u00f3n ilegal y el comercio clandestino, esta epidemia tuvo su inicio a trav\u00e9s de <strong>prescripciones m\u00e9dicas<\/strong>, cont\u00f3 con la <strong>aprobaci\u00f3n de organismos reguladores gubernamentales<\/strong> y fue <strong>promovida por una influyente empresa farmac\u00e9utica<\/strong> de car\u00e1cter familiar, que acumul\u00f3 ganancias millonarias mientras traicionaba la confianza de los pacientes y del p\u00fablico en general.<\/p>\n\n\n\n<h2 class=\"wp-block-heading\">\u00bfHabr\u00e1 segunda temporada?<\/h2>\n\n\n\n<p>Hasta este momento, no se ha emitido ning\u00fan comunicado por parte de Netflix acerca de los planes futuros para el drama basado en hechos reales. Sin embargo, a juzgar por los eventos del \u00faltimo episodio, parece poco probable que la narrativa que explora la historia de la familia detr\u00e1s de un imperio farmac\u00e9utico y sus afectados se extienda a una segunda entrega de cap\u00edtulos.<\/p>\n\n\n\n<p>Asimismo, la serie encabezada por <strong>Uzo Aduba, Matthew Broderick y Taylor Kitsch<\/strong> fue inicialmente presentada como una serie limitada, indicando que los creadores no tienen en mente desarrollar una nueva temporada. No obstante, es posible que la plataforma de streaming revise esta postura en funci\u00f3n de la recepci\u00f3n y el desempe\u00f1o de la serie.<\/p>","protected":false},"excerpt":{"rendered":"<p>Puntuaci\u00f3n: &#x2b50;&#x2b50;&#x2b50;&#x2b50; Nuestra pr\u00f3xima sugerencia est\u00e1 en tendencia y a continuaci\u00f3n te explico por qu\u00e9. Sipnosis Los or\u00edgenes de las crisis de opioides en los Estados Unidos, vistos a trav\u00e9s de los ojos de los perpetradores, las v\u00edctimas y los buscadores de la verdad. La miniserie estructura su narrativa en base al art\u00edculo titulado &#8220;La &hellip;<\/p>","protected":false},"author":2,"featured_media":20002,"comment_status":"closed","ping_status":"closed","sticky":false,"template":"","format":"standard","meta":{"jetpack_post_was_ever_published":false,"_jetpack_newsletter_access":"","_jetpack_dont_email_post_to_subs":false,"_jetpack_newsletter_tier_id":0,"_jetpack_memberships_contains_paywalled_content":false,"_jetpack_memberships_contains_paid_content":false,"footnotes":"","jetpack_publicize_message":"","jetpack_publicize_feature_enabled":true,"jetpack_social_post_already_shared":true,"jetpack_social_options":{"image_generator_settings":{"template":"highway","default_image_id":0,"font":"","enabled":false},"version":2}},"categories":[732],"tags":[1223,1259,1180,1174],"class_list":["post-20000","post","type-post","status-publish","format-standard","has-post-thumbnail","hentry","category-series","tag-basada-en-hechos-reales","tag-controversial","tag-cruda","tag-dramatizacion"],"jetpack_publicize_connections":[],"jetpack_featured_media_url":"https:\/\/www.macquero.com\/wp-content\/uploads\/2023\/08\/nk.jpg","jetpack_sharing_enabled":true,"_links":{"self":[{"href":"https:\/\/www.macquero.com\/en\/wp-json\/wp\/v2\/posts\/20000","targetHints":{"allow":["GET"]}}],"collection":[{"href":"https:\/\/www.macquero.com\/en\/wp-json\/wp\/v2\/posts"}],"about":[{"href":"https:\/\/www.macquero.com\/en\/wp-json\/wp\/v2\/types\/post"}],"author":[{"embeddable":true,"href":"https:\/\/www.macquero.com\/en\/wp-json\/wp\/v2\/users\/2"}],"replies":[{"embeddable":true,"href":"https:\/\/www.macquero.com\/en\/wp-json\/wp\/v2\/comments?post=20000"}],"version-history":[{"count":2,"href":"https:\/\/www.macquero.com\/en\/wp-json\/wp\/v2\/posts\/20000\/revisions"}],"predecessor-version":[{"id":20003,"href":"https:\/\/www.macquero.com\/en\/wp-json\/wp\/v2\/posts\/20000\/revisions\/20003"}],"wp:featuredmedia":[{"embeddable":true,"href":"https:\/\/www.macquero.com\/en\/wp-json\/wp\/v2\/media\/20002"}],"wp:attachment":[{"href":"https:\/\/www.macquero.com\/en\/wp-json\/wp\/v2\/media?parent=20000"}],"wp:term":[{"taxonomy":"category","embeddable":true,"href":"https:\/\/www.macquero.com\/en\/wp-json\/wp\/v2\/categories?post=20000"},{"taxonomy":"post_tag","embeddable":true,"href":"https:\/\/www.macquero.com\/en\/wp-json\/wp\/v2\/tags?post=20000"}],"curies":[{"name":"wp","href":"https:\/\/api.w.org\/{rel}","templated":true}]}}