{"id":19909,"date":"2023-07-30T00:20:00","date_gmt":"2023-07-30T06:20:00","guid":{"rendered":"https:\/\/www.macquero.com\/?p=19909"},"modified":"2023-07-29T16:10:21","modified_gmt":"2023-07-29T22:10:21","slug":"el-abogado-del-lincoln-the-lincoln-lawyer","status":"publish","type":"post","link":"https:\/\/www.macquero.com\/en\/2023\/07\/el-abogado-del-lincoln-the-lincoln-lawyer\/","title":{"rendered":"El abogado del Lincoln. &#8211; The Lincoln Lawyer. Temporadas 1 &#038; 2."},"content":{"rendered":"<p>Puntuaci\u00f3n: &#x2b50;&#x2b50;&#x2b50;&#x2b50;&#x2b50;<\/p>\n\n\n\n<p>Te tengo una recomendaci\u00f3n imperdible: una serie que lo tiene todo.<\/p>\n\n\n\n<h2 class=\"wp-block-heading\">Sipnosis<\/h2>\n\n\n\n<p>El idealista abogado Mickey Haller (<a href=\"https:\/\/www.instagram.com\/manu_rulfo\" data-type=\"URL\" data-id=\"https:\/\/www.instagram.com\/manu_rulfo\" target=\"_blank\" rel=\"noreferrer noopener\">Manuel Garcia-Rulfo<\/a>) dirige su pr\u00e1ctica desde la parte trasera de su Lincoln Town Car, desde donde asume casos grandes y peque\u00f1os en Los \u00c1ngeles.<\/p>\n\n\n\n<p>Perm\u00edteme presentarte una fascinante serie basada en la exitosa novela &#8220;El veredicto&#8221;, escrita por el renombrado autor y periodista Michael Connelly en 2005.<\/p>\n\n\n\n<p>La trama sigue a Mickey Haller (interpretado por Garc\u00eda Rulfo), un carism\u00e1tico y astuto abogado que gestiona su bufete desde la comodidad del asiento trasero de su confiable Lincoln. A su lado, se encuentran su exesposa fiscal, Maggie McPherson (<a rel=\"noreferrer noopener\" href=\"https:\/\/www.instagram.com\/nevecampbell\" data-type=\"URL\" data-id=\"https:\/\/www.instagram.com\/nevecampbell\" target=\"_blank\">Neve Campbell<\/a>), y su asistente, Lorna (<strong>Becki Newton<\/strong>), quien tambi\u00e9n es una de sus ex parejas, formando un equipo formidable. A pesar de enfrentar desaf\u00edos personales, como una cirug\u00eda y una lucha contra la adicci\u00f3n a las pastillas, Mickey regresa al mundo legal con renovada energ\u00eda.<\/p>\n\n\n\n<blockquote class=\"wp-block-quote is-layout-flow wp-block-quote-is-layout-flow\">\n<p>Debo confesar que descubr\u00ed esta serie un poco tarde, pero su primera temporada me dej\u00f3 sin palabras con un desenlace sorprendente y asombroso.<\/p>\n<\/blockquote>\n\n\n\n<figure class=\"wp-block-embed is-type-rich is-provider-gestor-del-servicio wp-block-embed-gestor-del-servicio wp-embed-aspect-16-9 wp-has-aspect-ratio\"><div class=\"wp-block-embed__wrapper\">\n<span class=\"embed-youtube\" style=\"text-align:center; display: block;\"><iframe loading=\"lazy\" class=\"youtube-player\" width=\"640\" height=\"360\" src=\"https:\/\/www.youtube.com\/embed\/jZkPeqZzDZs?version=3&#038;rel=1&#038;showsearch=0&#038;showinfo=1&#038;iv_load_policy=1&#038;fs=1&#038;hl=en-US&#038;autohide=2&#038;wmode=transparent\" allowfullscreen=\"true\" style=\"border:0;\" sandbox=\"allow-scripts allow-same-origin allow-popups allow-presentation allow-popups-to-escape-sandbox\"><\/iframe><\/span>\n<\/div><\/figure>\n\n\n\n<p>Ahora, en <strong>su emocionante segunda temporada,<\/strong> el abogado del Lincoln enfrenta casos a\u00fan m\u00e1s complicados, poniendo a prueba su resiliencia y agudeza. Sin embargo, tambi\u00e9n se adentra m\u00e1s en la vida personal de Mickey, brind\u00e1ndonos una visi\u00f3n m\u00e1s profunda y humana del querido protagonista.<\/p>\n\n\n\n<p>La serie contin\u00faa elevando la apuesta, con mucho m\u00e1s intriga, drama y todo lo que los amantes de los dramas legales aprecian. Si te fascinan este tipo de tramas, la segunda temporada es para ti.<\/p>\n\n\n\n<p>\u00a1No puedes perderte el desenlace de esta intrigante historia con los episodios que se estrenan el pr\u00f3ximo 3 de agosto en la plataforma de Netflix!<\/p>","protected":false},"excerpt":{"rendered":"<p>Puntuaci\u00f3n: &#x2b50;&#x2b50;&#x2b50;&#x2b50;&#x2b50; Te tengo una recomendaci\u00f3n imperdible: una serie que lo tiene todo. Sipnosis El idealista abogado Mickey Haller (Manuel Garcia-Rulfo) dirige su pr\u00e1ctica desde la parte trasera de su Lincoln Town Car, desde donde asume casos grandes y peque\u00f1os en Los \u00c1ngeles. Perm\u00edteme presentarte una fascinante serie basada en la exitosa novela &#8220;El veredicto&#8221;, &hellip;<\/p>","protected":false},"author":2,"featured_media":19911,"comment_status":"closed","ping_status":"closed","sticky":false,"template":"","format":"standard","meta":{"jetpack_post_was_ever_published":false,"_jetpack_newsletter_access":"","_jetpack_dont_email_post_to_subs":false,"_jetpack_newsletter_tier_id":0,"_jetpack_memberships_contains_paywalled_content":false,"_jetpack_memberships_contains_paid_content":false,"footnotes":"","jetpack_publicize_message":"","jetpack_publicize_feature_enabled":true,"jetpack_social_post_already_shared":true,"jetpack_social_options":{"image_generator_settings":{"template":"highway","default_image_id":0,"font":"","enabled":false},"version":2}},"categories":[732],"tags":[303,791,432],"class_list":["post-19909","post","type-post","status-publish","format-standard","has-post-thumbnail","hentry","category-series","tag-drama","tag-intriga","tag-suspenso"],"jetpack_publicize_connections":[],"jetpack_featured_media_url":"https:\/\/www.macquero.com\/wp-content\/uploads\/2023\/07\/od-1.jpg","jetpack_sharing_enabled":true,"_links":{"self":[{"href":"https:\/\/www.macquero.com\/en\/wp-json\/wp\/v2\/posts\/19909","targetHints":{"allow":["GET"]}}],"collection":[{"href":"https:\/\/www.macquero.com\/en\/wp-json\/wp\/v2\/posts"}],"about":[{"href":"https:\/\/www.macquero.com\/en\/wp-json\/wp\/v2\/types\/post"}],"author":[{"embeddable":true,"href":"https:\/\/www.macquero.com\/en\/wp-json\/wp\/v2\/users\/2"}],"replies":[{"embeddable":true,"href":"https:\/\/www.macquero.com\/en\/wp-json\/wp\/v2\/comments?post=19909"}],"version-history":[{"count":3,"href":"https:\/\/www.macquero.com\/en\/wp-json\/wp\/v2\/posts\/19909\/revisions"}],"predecessor-version":[{"id":19913,"href":"https:\/\/www.macquero.com\/en\/wp-json\/wp\/v2\/posts\/19909\/revisions\/19913"}],"wp:featuredmedia":[{"embeddable":true,"href":"https:\/\/www.macquero.com\/en\/wp-json\/wp\/v2\/media\/19911"}],"wp:attachment":[{"href":"https:\/\/www.macquero.com\/en\/wp-json\/wp\/v2\/media?parent=19909"}],"wp:term":[{"taxonomy":"category","embeddable":true,"href":"https:\/\/www.macquero.com\/en\/wp-json\/wp\/v2\/categories?post=19909"},{"taxonomy":"post_tag","embeddable":true,"href":"https:\/\/www.macquero.com\/en\/wp-json\/wp\/v2\/tags?post=19909"}],"curies":[{"name":"wp","href":"https:\/\/api.w.org\/{rel}","templated":true}]}}