{"id":19873,"date":"2023-07-24T07:41:40","date_gmt":"2023-07-24T13:41:40","guid":{"rendered":"https:\/\/www.macquero.com\/?p=19873"},"modified":"2023-07-24T07:54:09","modified_gmt":"2023-07-24T13:54:09","slug":"carpool-karaoke-the-series","status":"publish","type":"post","link":"https:\/\/www.macquero.com\/en\/2023\/07\/carpool-karaoke-the-series\/","title":{"rendered":"Carpool Karaoke. The Series."},"content":{"rendered":"<p>Mi siguiente recomendaci\u00f3n es para todo aquel que cuenta con una suscripci\u00f3n de Apple TV.<\/p>\n\n\n\n<h2 class=\"wp-block-heading\">Sipnosis<\/h2>\n\n\n\n<p><a rel=\"noreferrer noopener\" href=\"https:\/\/www.instagram.com\/j_corden\" data-type=\"URL\" data-id=\"https:\/\/www.instagram.com\/j_corden\" target=\"_blank\">James Corden<\/a> recibe, en un extravagante viaje en coche, a algunos de los nombres m\u00e1s importantes de la m\u00fasica, la televisi\u00f3n, el cine y el pop contempor\u00e1neo para interpretar, entre preguntas y bromas, sus canciones favoritas.<\/p>\n\n\n\n<p>A lo largo de cinco temporadas disponibles en la plataforma, el presentador junto a invitados del escenario conducen cantando y conversando de cualquier cosa: para mi, algunos de los mejores sketch son el de: &#8220;Billy Eichner y Metallica&#8221;; &#8220;Shakira y Trevor Noah&#8221;; &#8220;Gwyneth Paltrow, Jessica Alba y Will.I.am&#8221;; &#8220;Blake Shelton y Chelsea Handler&#8221;; &#8220;LINKIN PARK y Ken Jeong&#8221;; &#8220;Jason Sudeikis y Los Muppets&#8221;; &#8220;Elenco de Star Trek: Discovery&#8221;; &#8220;Elenco de Stranger Things&#8221;; &#8220;Sandra Oh y Duran Duran&#8221;. <\/p>\n\n\n\n<blockquote class=\"wp-block-quote is-layout-flow wp-block-quote-is-layout-flow\">\n<p>Son much\u00edsimos, pero cada uno de estos son mis favoritos.<\/p>\n<\/blockquote>\n\n\n\n<h2 class=\"wp-block-heading\">El programa dice adi\u00f3s con una temporada de cierre<\/h2>\n\n\n\n<p>James Corden se despidi\u00f3 de su exitoso show televisivo, pero su legado de alegr\u00eda perdurar\u00e1 en la memoria de su audiencia gracias a los invitados extraordinariamente especiales que tuvo en su \u00faltima temporada.<\/p>\n\n\n\n<h2 class=\"wp-block-heading\">Paul McCartney<\/h2>\n\n\n\n<figure class=\"wp-block-embed is-type-video is-provider-youtube wp-block-embed-youtube wp-embed-aspect-16-9 wp-has-aspect-ratio\"><div class=\"wp-block-embed__wrapper\">\n<span class=\"embed-youtube\" style=\"text-align:center; display: block;\"><iframe loading=\"lazy\" class=\"youtube-player\" width=\"640\" height=\"360\" src=\"https:\/\/www.youtube.com\/embed\/QjvzCTqkBDQ?version=3&#038;rel=1&#038;showsearch=0&#038;showinfo=1&#038;iv_load_policy=1&#038;fs=1&#038;hl=en-US&#038;autohide=2&#038;wmode=transparent\" allowfullscreen=\"true\" style=\"border:0;\" sandbox=\"allow-scripts allow-same-origin allow-popups allow-presentation allow-popups-to-escape-sandbox\"><\/iframe><\/span>\n<\/div><\/figure>\n\n\n\n<p><strong>Corden <\/strong>consider\u00f3 este viaje como uno de los m\u00e1s destacados. En este episodio de 24 minutos, podemos ver a Corden acompa\u00f1ando a <strong>McCartney<\/strong> a sitios inolvidables de su infancia en Liverpool, como una antigua barber\u00eda y una acogedora florister\u00eda. En un emotivo instante, ambos visitan la casa donde el legendario Beatle sol\u00eda componer canciones junto a John Lennon. Posteriormente, se dirigen a un encantador pub, donde McCartney deleita al p\u00fablico con una actuaci\u00f3n especial.<\/p>\n\n\n\n<h2 class=\"wp-block-heading\"><strong>Elton John<\/strong><\/h2>\n\n\n\n<figure class=\"wp-block-embed is-type-video is-provider-youtube wp-block-embed-youtube wp-embed-aspect-16-9 wp-has-aspect-ratio\"><div class=\"wp-block-embed__wrapper\">\n<span class=\"embed-youtube\" style=\"text-align:center; display: block;\"><iframe loading=\"lazy\" class=\"youtube-player\" width=\"640\" height=\"360\" src=\"https:\/\/www.youtube.com\/embed\/nblf7Yw4jys?version=3&#038;rel=1&#038;showsearch=0&#038;showinfo=1&#038;iv_load_policy=1&#038;fs=1&#038;hl=en-US&#038;autohide=2&#038;wmode=transparent\" allowfullscreen=\"true\" style=\"border:0;\" sandbox=\"allow-scripts allow-same-origin allow-popups allow-presentation allow-popups-to-escape-sandbox\"><\/iframe><\/span>\n<\/div><\/figure>\n\n\n\n<p>Ambos recorren las calles de Los \u00c1ngeles mientras la lluvia cae, y en un momento, Corden logra que el cantante confiese que su mayor enfado fue cuando solicit\u00f3 a alguien que detuviera al viento para que dejar\u00e1 de soplar. <\/p>\n\n\n\n<p>Concluyen el viaje con una interpretaci\u00f3n \u00e9pica de &#8220;Don&#8217;t Let the Sun Go Down On Me&#8221;. Durante esta emotiva actuaci\u00f3n, el talento de ambos artistas se fusiona para brindar un momento inolvidable.<\/p>\n\n\n\n<h2 class=\"wp-block-heading\">Adele<\/h2>\n\n\n\n<figure class=\"wp-block-embed is-type-video is-provider-youtube wp-block-embed-youtube wp-embed-aspect-16-9 wp-has-aspect-ratio\"><div class=\"wp-block-embed__wrapper\">\n<span class=\"embed-youtube\" style=\"text-align:center; display: block;\"><iframe loading=\"lazy\" class=\"youtube-player\" width=\"640\" height=\"360\" src=\"https:\/\/www.youtube.com\/embed\/Nck6BZga7TQ?version=3&#038;rel=1&#038;showsearch=0&#038;showinfo=1&#038;iv_load_policy=1&#038;fs=1&#038;hl=en-US&#038;autohide=2&#038;wmode=transparent\" allowfullscreen=\"true\" style=\"border:0;\" sandbox=\"allow-scripts allow-same-origin allow-popups allow-presentation allow-popups-to-escape-sandbox\"><\/iframe><\/span>\n<\/div><\/figure>\n\n\n\n<p>El debut de Adele en el segmento de &#8220;Carpool Karaoke&#8221; se ha convertido en el video m\u00e1s aclamado del canal de YouTube de &#8220;The Late Late Show&#8221;. Juntos, entonan melod\u00edas ic\u00f3nicas como &#8220;Hello&#8221; y &#8220;Someone Like You&#8221;, dejando al p\u00fablico cautivado por su incre\u00edble talento vocal. Pero la sorpresa m\u00e1s impactante llega cuando Adele deslumbra al interpretar magistralmente la estrofa de &#8220;Monster&#8221; de Nicki Minaj.<\/p>\n\n\n\n<p>Recientemente, Adele tambi\u00e9n hizo una aparici\u00f3n en el \u00faltimo episodio de &#8220;Carpool Karaoke&#8221;, donde no dej\u00f3 pasar la oportunidad de agradecer a Corden por ser un amigo tan especial y cercano. Esta emotiva muestra de gratitud toc\u00f3 los corazones de los espectadores y demostr\u00f3 el afecto y la conexi\u00f3n genuina entre ambos artistas.<\/p>\n\n\n\n<p>Disponible \u00fanicamente con una suscripci\u00f3n de <a rel=\"noreferrer noopener\" href=\"https:\/\/tv.apple.com\/mx\/show\/carpool-karaoke-la-serie\/umc.cmc.2wyy7chw6bmy46fekqlqq1ulb\" data-type=\"URL\" data-id=\"https:\/\/tv.apple.com\/mx\/show\/carpool-karaoke-la-serie\/umc.cmc.2wyy7chw6bmy46fekqlqq1ulb\" target=\"_blank\">\uf8ffTV<\/a>.  <\/p>\n\n\n\n<p>Calificaci\u00f3n: &#x2b50;&#x2b50;&#x2b50;&#x2b50;&#x2b50; Altamente recomendado. <\/p>","protected":false},"excerpt":{"rendered":"<p>Mi siguiente recomendaci\u00f3n es para todo aquel que cuenta con una suscripci\u00f3n de Apple TV. Sipnosis James Corden recibe, en un extravagante viaje en coche, a algunos de los nombres m\u00e1s importantes de la m\u00fasica, la televisi\u00f3n, el cine y el pop contempor\u00e1neo para interpretar, entre preguntas y bromas, sus canciones favoritas. A lo largo &hellip;<\/p>","protected":false},"author":2,"featured_media":19876,"comment_status":"closed","ping_status":"closed","sticky":false,"template":"","format":"standard","meta":{"jetpack_post_was_ever_published":false,"_jetpack_newsletter_access":"","_jetpack_dont_email_post_to_subs":false,"_jetpack_newsletter_tier_id":0,"_jetpack_memberships_contains_paywalled_content":false,"_jetpack_memberships_contains_paid_content":false,"footnotes":"","jetpack_publicize_message":"","jetpack_publicize_feature_enabled":true,"jetpack_social_post_already_shared":true,"jetpack_social_options":{"image_generator_settings":{"template":"highway","default_image_id":0,"font":"","enabled":false},"version":2}},"categories":[5,1159,1252,1243],"tags":[683,831,1131],"class_list":["post-19873","post","type-post","status-publish","format-standard","has-post-thumbnail","hentry","category-apple","category-apple-tv-4k","category-musica-tv","category-series-originales","tag-comedia","tag-estilo-de-vida","tag-musica"],"jetpack_publicize_connections":[],"jetpack_featured_media_url":"https:\/\/www.macquero.com\/wp-content\/uploads\/2023\/07\/lk-1.jpg","jetpack_sharing_enabled":true,"_links":{"self":[{"href":"https:\/\/www.macquero.com\/en\/wp-json\/wp\/v2\/posts\/19873","targetHints":{"allow":["GET"]}}],"collection":[{"href":"https:\/\/www.macquero.com\/en\/wp-json\/wp\/v2\/posts"}],"about":[{"href":"https:\/\/www.macquero.com\/en\/wp-json\/wp\/v2\/types\/post"}],"author":[{"embeddable":true,"href":"https:\/\/www.macquero.com\/en\/wp-json\/wp\/v2\/users\/2"}],"replies":[{"embeddable":true,"href":"https:\/\/www.macquero.com\/en\/wp-json\/wp\/v2\/comments?post=19873"}],"version-history":[{"count":5,"href":"https:\/\/www.macquero.com\/en\/wp-json\/wp\/v2\/posts\/19873\/revisions"}],"predecessor-version":[{"id":19880,"href":"https:\/\/www.macquero.com\/en\/wp-json\/wp\/v2\/posts\/19873\/revisions\/19880"}],"wp:featuredmedia":[{"embeddable":true,"href":"https:\/\/www.macquero.com\/en\/wp-json\/wp\/v2\/media\/19876"}],"wp:attachment":[{"href":"https:\/\/www.macquero.com\/en\/wp-json\/wp\/v2\/media?parent=19873"}],"wp:term":[{"taxonomy":"category","embeddable":true,"href":"https:\/\/www.macquero.com\/en\/wp-json\/wp\/v2\/categories?post=19873"},{"taxonomy":"post_tag","embeddable":true,"href":"https:\/\/www.macquero.com\/en\/wp-json\/wp\/v2\/tags?post=19873"}],"curies":[{"name":"wp","href":"https:\/\/api.w.org\/{rel}","templated":true}]}}