{"id":19787,"date":"2023-07-06T01:17:55","date_gmt":"2023-07-06T07:17:55","guid":{"rendered":"https:\/\/www.macquero.com\/?p=19787"},"modified":"2023-07-06T01:17:59","modified_gmt":"2023-07-06T07:17:59","slug":"probamos-threads","status":"publish","type":"post","link":"https:\/\/www.macquero.com\/en\/2023\/07\/probamos-threads\/","title":{"rendered":"Probamos Threads."},"content":{"rendered":"<p>Meta lanza oficialmente Threads, una plataforma id\u00e9ntica a Twitter. <\/p>\n\n\n\n<p>En medio del revuelo generado por las nuevas pol\u00edticas implementadas en<strong>\u00a0Twitter<\/strong>,\u00a0llega Threads una nueva aplicaci\u00f3n, desarrollada por Instagram, la cu\u00e1l ofrece a sus usuarios la posibilidad de compartir momentos a trav\u00e9s de texto y unirse a conversaciones p\u00fablicas.<\/p>\n\n\n\n<h2 class=\"wp-block-heading\">\u00bfC\u00f3mo abro una cuenta?<\/h2>\n\n\n\n<p>Cuando los usuarios inicien sesi\u00f3n con su cuenta de Instagram, ser\u00e1n re dirigidos autom\u00e1ticamente a la nueva plataforma. All\u00ed, podr\u00e1n configurar su perfil de la misma manera que lo tienen en Instagram, o redactar una nueva biograf\u00eda si as\u00ed lo deseas. <\/p>\n\n\n\n<p>Tendr\u00e1s la capacidad de realizar publicaciones con un l\u00edmite de 500 caracteres y se te brindar\u00e1 la opci\u00f3n de agregar enlaces, fotos y videos con una duraci\u00f3n m\u00e1xima de 5 minutos.<\/p>\n\n\n\n<blockquote class=\"wp-block-quote is-layout-flow wp-block-quote-is-layout-flow\">\n<p><strong>Mark Zuckerberg<\/strong>\u00a0ha presentado la versi\u00f3n inicial como una plataforma independiente donde tanto creadores como usuarios ocasionales pueden compartir momentos a trav\u00e9s de texto, brindando un espacio dedicado a las actualizaciones en tiempo real y las\u00a0<strong>conversaciones p\u00fablicas<\/strong>.<\/p>\n<\/blockquote>\n\n\n\n<p>El prop\u00f3sito de Threads es llevar la experiencia al \u00e1mbito del texto, creando un entorno positivo y lleno de creatividad donde las personas podr\u00e1n expresar sus ideas.<\/p>\n\n\n\n<h2 class=\"wp-block-heading\">Criterios de seguridad<\/h2>\n\n\n\n<p>Los usuarios tienen la posibilidad de seguir y conectarse con amigos y creadores que comparten sus intereses, tanto dentro de la plataforma como m\u00e1s all\u00e1 de ella. Adem\u00e1s, pueden aprovechar los\u00a0<strong>controles de seguridad<\/strong>\u00a0y usuario.<\/p>\n\n\n\n<p>El\u00a0<strong>Feed<\/strong>\u00a0proporciona a los usuarios\u00a0<strong>publicaciones de las personas que siguen<\/strong>, as\u00ed como contenido recomendado de nuevos creadores que a\u00fan no han descubierto. Los usuarios tendr\u00e1n la facilidad de compartir una publicaci\u00f3n en su historia de Instagram o compartirla como un enlace en la plataforma que elijan. <\/p>\n\n\n\n<p>Asimismo, los usuarios tendr\u00e1n la opci\u00f3n de dejar de\u00a0<strong>seguir, bloquear, restringir o reportar perfiles\u00a0<\/strong>no deseados mediante el men\u00fa de opciones. Cabe destacar que cualquier <strong>cuenta bloqueada en Instagram tambi\u00e9n ser\u00e1 bloqueada autom\u00e1ticamente, manteniendo as\u00ed un entorno seguro.<\/strong><\/p>\n\n\n\n<h2 class=\"wp-block-heading\">Lo qu\u00e9 est\u00e1 pasando en Threads<\/h2>\n\n\n\n<p>En este momento se est\u00e1 gestando un movimiento que podr\u00eda poner a Twitter en una situaci\u00f3n complicada en menos de 24 horas. Por el momento, <strong>mi feed personal<\/strong> todav\u00eda no se ha enterado de esta noticia, pero alrededor del mundo la actividad es fren\u00e9tica. <\/p>\n\n\n\n<p>Las personas est\u00e1n siguiendo a celebridades, modelos, artistas, creadores de contenido y a un sinf\u00edn de nuevas personas que podr\u00edan tener intereses &#8220;posiblemente&#8221; compartidos. <\/p>\n\n\n\n<p>Amanecer\u00e1 y veremos. <\/p>","protected":false},"excerpt":{"rendered":"<p>Meta lanza oficialmente Threads, una plataforma id\u00e9ntica a Twitter. En medio del revuelo generado por las nuevas pol\u00edticas implementadas en\u00a0Twitter,\u00a0llega Threads una nueva aplicaci\u00f3n, desarrollada por Instagram, la cu\u00e1l ofrece a sus usuarios la posibilidad de compartir momentos a trav\u00e9s de texto y unirse a conversaciones p\u00fablicas. \u00bfC\u00f3mo abro una cuenta? Cuando los usuarios inicien &hellip;<\/p>","protected":false},"author":2,"featured_media":19789,"comment_status":"closed","ping_status":"closed","sticky":false,"template":"","format":"standard","meta":{"jetpack_post_was_ever_published":false,"_jetpack_newsletter_access":"","_jetpack_dont_email_post_to_subs":false,"_jetpack_newsletter_tier_id":0,"_jetpack_memberships_contains_paywalled_content":false,"_jetpack_memberships_contains_paid_content":false,"footnotes":"","jetpack_publicize_message":"","jetpack_publicize_feature_enabled":true,"jetpack_social_post_already_shared":true,"jetpack_social_options":{"image_generator_settings":{"template":"highway","default_image_id":0,"font":"","enabled":false},"version":2}},"categories":[921,46,1178,19],"tags":[1248,1250,1249],"class_list":["post-19787","post","type-post","status-publish","format-standard","has-post-thumbnail","hentry","category-android","category-apps","category-ipados-apps","category-iphone","tag-nueva-red-social","tag-threads","tag-twitter"],"jetpack_publicize_connections":[],"jetpack_featured_media_url":"https:\/\/www.macquero.com\/wp-content\/uploads\/2023\/07\/hr.jpg","jetpack_sharing_enabled":true,"_links":{"self":[{"href":"https:\/\/www.macquero.com\/en\/wp-json\/wp\/v2\/posts\/19787","targetHints":{"allow":["GET"]}}],"collection":[{"href":"https:\/\/www.macquero.com\/en\/wp-json\/wp\/v2\/posts"}],"about":[{"href":"https:\/\/www.macquero.com\/en\/wp-json\/wp\/v2\/types\/post"}],"author":[{"embeddable":true,"href":"https:\/\/www.macquero.com\/en\/wp-json\/wp\/v2\/users\/2"}],"replies":[{"embeddable":true,"href":"https:\/\/www.macquero.com\/en\/wp-json\/wp\/v2\/comments?post=19787"}],"version-history":[{"count":2,"href":"https:\/\/www.macquero.com\/en\/wp-json\/wp\/v2\/posts\/19787\/revisions"}],"predecessor-version":[{"id":19790,"href":"https:\/\/www.macquero.com\/en\/wp-json\/wp\/v2\/posts\/19787\/revisions\/19790"}],"wp:featuredmedia":[{"embeddable":true,"href":"https:\/\/www.macquero.com\/en\/wp-json\/wp\/v2\/media\/19789"}],"wp:attachment":[{"href":"https:\/\/www.macquero.com\/en\/wp-json\/wp\/v2\/media?parent=19787"}],"wp:term":[{"taxonomy":"category","embeddable":true,"href":"https:\/\/www.macquero.com\/en\/wp-json\/wp\/v2\/categories?post=19787"},{"taxonomy":"post_tag","embeddable":true,"href":"https:\/\/www.macquero.com\/en\/wp-json\/wp\/v2\/tags?post=19787"}],"curies":[{"name":"wp","href":"https:\/\/api.w.org\/{rel}","templated":true}]}}