{"id":19783,"date":"2023-07-04T00:20:00","date_gmt":"2023-07-04T06:20:00","guid":{"rendered":"https:\/\/www.macquero.com\/?p=19783"},"modified":"2023-07-03T22:16:08","modified_gmt":"2023-07-04T04:16:08","slug":"todo-lo-que-sabemos-del-iphone-15","status":"publish","type":"post","link":"https:\/\/www.macquero.com\/en\/2023\/07\/todo-lo-que-sabemos-del-iphone-15\/","title":{"rendered":"Todo lo que sabemos del iPhone 15."},"content":{"rendered":"<p>El 29 de junio de 2007, Apple present\u00f3 al mundo un tel\u00e9fono inteligente que cambi\u00f3 por completo el panorama de los dispositivos m\u00f3viles. Estamos hablando del renombrado iPhone, un dispositivo de gama alta que se destacaba por sus c\u00e1maras de excelente calidad, duraci\u00f3n de bater\u00eda notable, una interfaz \u00fanica, seguridad s\u00f3lida y gran compatibilidad. Desde entonces, el iPhone se ha convertido en un referente en la industria, marcando el inicio de una nueva era tecnol\u00f3gica.<\/p>\n\n\n\n<p>Despu\u00e9s de 16 a\u00f1os, la marca podr\u00eda lanzar en septiembre de este a\u00f1o el modelo iPhone 15,\u00a0sin embargo, algunas filtraciones -como las de\u00a0<a rel=\"noreferrer noopener\" href=\"https:\/\/www.techradar.com\/news\/iphone-15\" target=\"_blank\">TechRadar<\/a>&#8211; ya han hecho acto de presencia.<\/p>\n\n\n\n<h2 class=\"wp-block-heading\">Caracter\u00edsticas de los modelos iPhone 15<\/h2>\n\n\n\n<p><strong>iPhone 15<\/strong><\/p>\n\n\n\n<ul class=\"wp-block-list\">\n<li>Pantalla: OLED de 6,1 pulgadas.<\/li>\n\n\n\n<li>Resoluci\u00f3n: 2532 x 1150 p\u00edxeles.<\/li>\n\n\n\n<li>Frecuencia de actualizaci\u00f3n: 60 Hz.<\/li>\n\n\n\n<li>Conjunto de chips: A16 bi\u00f3nico.<\/li>\n\n\n\n<li>C\u00e1mara frontal: 12 MP.<\/li>\n\n\n\n<li>C\u00e1maras traseras: Principal de 48 MP y ultra de 12 MP.<\/li>\n\n\n\n<li>RAM: 8 GB.<\/li>\n\n\n\n<li>Almacenamiento:&nbsp;128 GB, 256 GB, 512 GB y 1 TB.<\/li>\n\n\n\n<li>Bater\u00eda: 3.279 mAh.<\/li>\n\n\n\n<li>Colores: Cian, azul claro, rosa, medianoche, luz de las estrellas y rojo.<\/li>\n\n\n\n<li>Velocidades de transferencia de datos:&nbsp;480 Mbps.<\/li>\n<\/ul>\n\n\n\n<p><strong>iPhone 15 Pro<\/strong><\/p>\n\n\n\n<ul class=\"wp-block-list\">\n<li>Pantalla: OLED de 6,1 pulgadas.<\/li>\n\n\n\n<li>Resoluci\u00f3n: 1179 x 2556 p\u00edxeles.<\/li>\n\n\n\n<li>Frecuencia de actualizaci\u00f3n: Adaptativo 1-120 Hz.<\/li>\n\n\n\n<li>Conjunto de chips: A17 bi\u00f3nico.<\/li>\n\n\n\n<li>C\u00e1mara frontal: 12 MP.<\/li>\n\n\n\n<li>C\u00e1maras traseras: Gran angular de 48 MP, ultra gran angular de 12 MP y teleobjetivo de 12 MP con zoom \u00f3ptico de 3x.<\/li>\n\n\n\n<li>RAM: 8 GB.<\/li>\n\n\n\n<li>Almacenamiento: 256 GB, 512 GB y 1 TB.<\/li>\n\n\n\n<li>Bater\u00eda: 3.200 mAh.<\/li>\n\n\n\n<li>Colores: Rojo oscuro, plata, oro y grafito.<\/li>\n\n\n\n<li>Velocidades de transferencia de datos: 20 Gbps o 40 Gbps.<\/li>\n<\/ul>\n\n\n\n<p><strong>iPhone 15 Pro Max<\/strong><\/p>\n\n\n\n<ul class=\"wp-block-list\">\n<li>Pantalla: OLED de 6,7 pulgadas.<\/li>\n\n\n\n<li>Resoluci\u00f3n: 1290 x 2796 p\u00edxeles.<\/li>\n\n\n\n<li>Frecuencia de actualizaci\u00f3n: Adaptativo 1-120 Hz.<\/li>\n\n\n\n<li>Conjunto de chips: A17 bi\u00f3nico.<\/li>\n\n\n\n<li>C\u00e1mara frontal: 12 MP de doble lente.<\/li>\n\n\n\n<li>C\u00e1maras traseras: Gran angular de 48 MP, ultra gran angular de 12 MP y teleobjetivo de 12 MP con zoom \u00f3ptico de 6x.<\/li>\n\n\n\n<li>RAM: 8 GB.<\/li>\n\n\n\n<li>Almacenamiento: 256 GB, 512 GB y 1 TB.<\/li>\n\n\n\n<li>Bater\u00eda: 4,323 mAh.<\/li>\n\n\n\n<li>Colores: Rojo oscuro, plata, oro y grafito.<\/li>\n\n\n\n<li>Velocidades de transferencia de datos:&nbsp;20 Gbps o 40 Gbps.<\/li>\n<\/ul>\n\n\n\n<h2 class=\"wp-block-heading\">Cambios en el dise\u00f1o<\/h2>\n\n\n\n<p>Apple no suele realizar cambios dr\u00e1sticos en el dise\u00f1o de sus tel\u00e9fonos de un a\u00f1o a otro. Seg\u00fan los informes, el iPhone 15 se asemejar\u00e1 bastante al modelo 14, pero se destacar\u00e1 por un dise\u00f1o con marcos m\u00e1s delgados y unos bordes traseros redondeados que podr\u00edan mejorar el agarre sin necesidad de utilizar una funda.<\/p>\n\n\n\n<p>En cuanto a los materiales, se pronostica que el titanio ser\u00e1 protagonista para ofrecer mayor resistencia y ligereza, lo cual ser\u00eda una gran mejora, especialmente para los modelos iPhone Pro Max, cuyo peso es una de sus desventajas.<\/p>\n\n\n\n<h2 class=\"wp-block-heading\">Fecha de lanzamiento y precios<\/h2>\n\n\n\n<p>Todav\u00eda\u00a0<strong>se desconoce la fecha<\/strong>\u00a0de lanzamiento y la fecha de venta del nuevo iPhone 15, pero se espera que sean unos d\u00edas m\u00e1s tarde despu\u00e9s de la\u00a0Keynote de Apple\u00a0que tendr\u00e1 lugar a principios de septiembre.<\/p>\n\n\n\n<p>Respecto a los precios, TechRadar indica que &#8220;el iPhone 15 probablemente comenzar\u00e1 en\u00a0<strong>899 d\u00f3lares<\/strong>&#8220;<\/p>","protected":false},"excerpt":{"rendered":"<p>El 29 de junio de 2007, Apple present\u00f3 al mundo un tel\u00e9fono inteligente que cambi\u00f3 por completo el panorama de los dispositivos m\u00f3viles. Estamos hablando del renombrado iPhone, un dispositivo de gama alta que se destacaba por sus c\u00e1maras de excelente calidad, duraci\u00f3n de bater\u00eda notable, una interfaz \u00fanica, seguridad s\u00f3lida y gran compatibilidad. Desde &hellip;<\/p>","protected":false},"author":2,"featured_media":19785,"comment_status":"closed","ping_status":"closed","sticky":false,"template":"","format":"standard","meta":{"jetpack_post_was_ever_published":false,"_jetpack_newsletter_access":"","_jetpack_dont_email_post_to_subs":false,"_jetpack_newsletter_tier_id":0,"_jetpack_memberships_contains_paywalled_content":false,"_jetpack_memberships_contains_paid_content":false,"footnotes":"","jetpack_publicize_message":"","jetpack_publicize_feature_enabled":true,"jetpack_social_post_already_shared":true,"jetpack_social_options":{"image_generator_settings":{"template":"highway","default_image_id":0,"font":"","enabled":false},"version":2}},"categories":[5,1054],"tags":[286],"class_list":["post-19783","post","type-post","status-publish","format-standard","has-post-thumbnail","hentry","category-apple","category-rumores","tag-novedades"],"jetpack_publicize_connections":[],"jetpack_featured_media_url":"https:\/\/www.macquero.com\/wp-content\/uploads\/2023\/07\/pp.jpg","jetpack_sharing_enabled":true,"_links":{"self":[{"href":"https:\/\/www.macquero.com\/en\/wp-json\/wp\/v2\/posts\/19783","targetHints":{"allow":["GET"]}}],"collection":[{"href":"https:\/\/www.macquero.com\/en\/wp-json\/wp\/v2\/posts"}],"about":[{"href":"https:\/\/www.macquero.com\/en\/wp-json\/wp\/v2\/types\/post"}],"author":[{"embeddable":true,"href":"https:\/\/www.macquero.com\/en\/wp-json\/wp\/v2\/users\/2"}],"replies":[{"embeddable":true,"href":"https:\/\/www.macquero.com\/en\/wp-json\/wp\/v2\/comments?post=19783"}],"version-history":[{"count":2,"href":"https:\/\/www.macquero.com\/en\/wp-json\/wp\/v2\/posts\/19783\/revisions"}],"predecessor-version":[{"id":19786,"href":"https:\/\/www.macquero.com\/en\/wp-json\/wp\/v2\/posts\/19783\/revisions\/19786"}],"wp:featuredmedia":[{"embeddable":true,"href":"https:\/\/www.macquero.com\/en\/wp-json\/wp\/v2\/media\/19785"}],"wp:attachment":[{"href":"https:\/\/www.macquero.com\/en\/wp-json\/wp\/v2\/media?parent=19783"}],"wp:term":[{"taxonomy":"category","embeddable":true,"href":"https:\/\/www.macquero.com\/en\/wp-json\/wp\/v2\/categories?post=19783"},{"taxonomy":"post_tag","embeddable":true,"href":"https:\/\/www.macquero.com\/en\/wp-json\/wp\/v2\/tags?post=19783"}],"curies":[{"name":"wp","href":"https:\/\/api.w.org\/{rel}","templated":true}]}}