{"id":19726,"date":"2023-06-24T13:01:09","date_gmt":"2023-06-24T19:01:09","guid":{"rendered":"https:\/\/www.macquero.com\/?p=19726"},"modified":"2023-06-24T13:01:13","modified_gmt":"2023-06-24T19:01:13","slug":"a-traves-del-mar","status":"publish","type":"post","link":"https:\/\/www.macquero.com\/en\/2023\/06\/a-traves-del-mar\/","title":{"rendered":"A trav\u00e9s del mar."},"content":{"rendered":"<p>Puntuaci\u00f3n: &#x2b50;&#x2b50;<\/p>\n\n\n\n<p>Nuestra siguiente recomendaci\u00f3n forma parte de los estrenos que tiene la plataforma en el mes en curso.<\/p>\n\n\n\n<h2 class=\"wp-block-heading\">Sipnosis<\/h2>\n\n\n\n<p>Ares (Julio Pe\u00f1a) y Raquel (<a rel=\"noreferrer noopener\" href=\"https:\/\/www.instagram.com\/claaragalle\" data-type=\"URL\" data-id=\"https:\/\/www.instagram.com\/claaragalle\" target=\"_blank\">Clara Galle<\/a>) han mantenido una relaci\u00f3n a distancia durante los estudios de \u00e9l en Estocolmo. Cuando llega el verano y se reencuentran, comprueban que el periodo de separaci\u00f3n y las nuevas personas que han conocido ponen a prueba su relaci\u00f3n.<\/p>\n\n\n\n<blockquote class=\"wp-block-quote is-layout-flow wp-block-quote-is-layout-flow\">\n<p>Buehhhh&#8230; <\/p>\n<\/blockquote>\n\n\n\n<p>Se trata de la secuela de &#8220;A trav\u00e9s de mi ventana&#8221;, una pel\u00edcula que considero fundamental para comprender esta historia. La trama sigue el camino de Raquel y Ares, quienes se reencuentran en la Costa Brava despu\u00e9s de haber estado separados durante varios meses.<\/p>\n\n\n\n<p>En mi opini\u00f3n, encontr\u00e9 la pel\u00edcula bonita, dirigida principalmente a un p\u00fablico adolescente. Sin embargo, si se ve sin conocer el contexto de la primera entrega, se convierte en una experiencia com\u00fan y corriente.<\/p>","protected":false},"excerpt":{"rendered":"<p>Puntuaci\u00f3n: &#x2b50;&#x2b50; Nuestra siguiente recomendaci\u00f3n forma parte de los estrenos que tiene la plataforma en el mes en curso. Sipnosis Ares (Julio Pe\u00f1a) y Raquel (Clara Galle) han mantenido una relaci\u00f3n a distancia durante los estudios de \u00e9l en Estocolmo. Cuando llega el verano y se reencuentran, comprueban que el periodo de separaci\u00f3n y las &hellip;<\/p>","protected":false},"author":2,"featured_media":19728,"comment_status":"closed","ping_status":"closed","sticky":false,"template":"","format":"standard","meta":{"jetpack_post_was_ever_published":false,"_jetpack_newsletter_access":"","_jetpack_dont_email_post_to_subs":false,"_jetpack_newsletter_tier_id":0,"_jetpack_memberships_contains_paywalled_content":false,"_jetpack_memberships_contains_paid_content":false,"footnotes":"","jetpack_publicize_message":"","jetpack_publicize_feature_enabled":true,"jetpack_social_post_already_shared":true,"jetpack_social_options":{"image_generator_settings":{"template":"highway","default_image_id":0,"font":"","enabled":false},"version":2}},"categories":[733,766],"tags":[801,849],"class_list":["post-19726","post","type-post","status-publish","format-standard","has-post-thumbnail","hentry","category-originales-de-netflix","category-cine-netflix","tag-drama-juvenil","tag-intimo"],"jetpack_publicize_connections":[],"jetpack_featured_media_url":"https:\/\/www.macquero.com\/wp-content\/uploads\/2023\/06\/sd-2.jpg","jetpack_sharing_enabled":true,"_links":{"self":[{"href":"https:\/\/www.macquero.com\/en\/wp-json\/wp\/v2\/posts\/19726","targetHints":{"allow":["GET"]}}],"collection":[{"href":"https:\/\/www.macquero.com\/en\/wp-json\/wp\/v2\/posts"}],"about":[{"href":"https:\/\/www.macquero.com\/en\/wp-json\/wp\/v2\/types\/post"}],"author":[{"embeddable":true,"href":"https:\/\/www.macquero.com\/en\/wp-json\/wp\/v2\/users\/2"}],"replies":[{"embeddable":true,"href":"https:\/\/www.macquero.com\/en\/wp-json\/wp\/v2\/comments?post=19726"}],"version-history":[{"count":2,"href":"https:\/\/www.macquero.com\/en\/wp-json\/wp\/v2\/posts\/19726\/revisions"}],"predecessor-version":[{"id":19729,"href":"https:\/\/www.macquero.com\/en\/wp-json\/wp\/v2\/posts\/19726\/revisions\/19729"}],"wp:featuredmedia":[{"embeddable":true,"href":"https:\/\/www.macquero.com\/en\/wp-json\/wp\/v2\/media\/19728"}],"wp:attachment":[{"href":"https:\/\/www.macquero.com\/en\/wp-json\/wp\/v2\/media?parent=19726"}],"wp:term":[{"taxonomy":"category","embeddable":true,"href":"https:\/\/www.macquero.com\/en\/wp-json\/wp\/v2\/categories?post=19726"},{"taxonomy":"post_tag","embeddable":true,"href":"https:\/\/www.macquero.com\/en\/wp-json\/wp\/v2\/tags?post=19726"}],"curies":[{"name":"wp","href":"https:\/\/api.w.org\/{rel}","templated":true}]}}