{"id":19675,"date":"2023-06-15T00:20:00","date_gmt":"2023-06-15T06:20:00","guid":{"rendered":"https:\/\/www.macquero.com\/?p=19675"},"modified":"2023-06-13T02:07:03","modified_gmt":"2023-06-13T08:07:03","slug":"apple-trabaja-en-unos-lentes-vision-pro-mas-economicos","status":"publish","type":"post","link":"https:\/\/www.macquero.com\/en\/2023\/06\/apple-trabaja-en-unos-lentes-vision-pro-mas-economicos\/","title":{"rendered":"Apple trabaja en unos lentes Vision Pro m\u00e1s econ\u00f3micos."},"content":{"rendered":"<p id=\"m97-96-98\">Apple\u00a0est\u00e1 trabajando en el lanzamiento de un modelo de su nuevo visor de realidad mixta (RM),\u00a0<strong>Vision Pro, m\u00e1s econ\u00f3mico<\/strong>, que planea lanzar a finales del a\u00f1o 2025, y prepara tambi\u00e9n una versi\u00f3n mejorada del que acaba de presentar.<\/p>\n\n\n\n<p id=\"m102-101-103\">La compa\u00f1\u00eda dirigida por Tim Cook present\u00f3 su primer visor Apple Vision Pro el pasado lunes. Un\u00a0dispositivo\u00a0de RM que presenta una\u00a0<strong>interfaz que retoma el lenguaje de dise\u00f1o de iOS y Mac<\/strong>, se puede controlar con los ojos, las manos y la voz.<\/p>\n\n\n\n<h2 class=\"wp-block-heading\">\u00bfPrecio excesivo?<\/h2>\n\n\n\n<p>En este marco, Apple ha recibido algunas cr\u00edticas que se\u00f1alan que\u00a0<strong>el precio del Vision Pro es demasiado alto<\/strong>. Sin embargo, la compa\u00f1\u00eda ha justificado el precio de su visor haciendo referencia a la tecnolog\u00eda de alta gama que incluye y el costoso proceso de fabricaci\u00f3n.<\/p>\n\n\n\n<p>No obstante, tambi\u00e9n la empresa ha subrayado que\u00a0<strong>crear\u00e1 un modelo m\u00e1s barato, una tarea bastante dif\u00edcil<\/strong>, ya que el precio de venta de Vision Pro (3.499 d\u00f3lares) es &#8220;igual o cercano al coste de fabricarlo&#8221;. El nuevo modelo tendr\u00eda que prescindir de algunas de las c\u00e1maras y sensores, o la utilizaci\u00f3n de chips duales de Apple M2 y R1, quiz\u00e1s colocar en su lugar un procesador de grado\u00a0iPhone\u00a0o de Mac m\u00e1s antiguo y eliminar algunas de las dos pantallas de realidad virtual micro-OLED 4K por materiales de menor calidad.<\/p>","protected":false},"excerpt":{"rendered":"<p>Apple\u00a0est\u00e1 trabajando en el lanzamiento de un modelo de su nuevo visor de realidad mixta (RM),\u00a0Vision Pro, m\u00e1s econ\u00f3mico, que planea lanzar a finales del a\u00f1o 2025, y prepara tambi\u00e9n una versi\u00f3n mejorada del que acaba de presentar. La compa\u00f1\u00eda dirigida por Tim Cook present\u00f3 su primer visor Apple Vision Pro el pasado lunes. Un\u00a0dispositivo\u00a0de &hellip;<\/p>","protected":false},"author":2,"featured_media":19677,"comment_status":"closed","ping_status":"closed","sticky":false,"template":"","format":"standard","meta":{"jetpack_post_was_ever_published":false,"_jetpack_newsletter_access":"","_jetpack_dont_email_post_to_subs":false,"_jetpack_newsletter_tier_id":0,"_jetpack_memberships_contains_paywalled_content":false,"_jetpack_memberships_contains_paid_content":false,"footnotes":"","jetpack_publicize_message":"","jetpack_publicize_feature_enabled":true,"jetpack_social_post_already_shared":true,"jetpack_social_options":{"image_generator_settings":{"template":"highway","default_image_id":0,"font":"","enabled":false},"version":2}},"categories":[5,1237],"tags":[1208,286],"class_list":["post-19675","post","type-post","status-publish","format-standard","has-post-thumbnail","hentry","category-apple","category-noticia","tag-lentes-de-realidad-virtual","tag-novedades"],"jetpack_publicize_connections":[],"jetpack_featured_media_url":"https:\/\/www.macquero.com\/wp-content\/uploads\/2023\/06\/dv.jpg","jetpack_sharing_enabled":true,"_links":{"self":[{"href":"https:\/\/www.macquero.com\/en\/wp-json\/wp\/v2\/posts\/19675","targetHints":{"allow":["GET"]}}],"collection":[{"href":"https:\/\/www.macquero.com\/en\/wp-json\/wp\/v2\/posts"}],"about":[{"href":"https:\/\/www.macquero.com\/en\/wp-json\/wp\/v2\/types\/post"}],"author":[{"embeddable":true,"href":"https:\/\/www.macquero.com\/en\/wp-json\/wp\/v2\/users\/2"}],"replies":[{"embeddable":true,"href":"https:\/\/www.macquero.com\/en\/wp-json\/wp\/v2\/comments?post=19675"}],"version-history":[{"count":1,"href":"https:\/\/www.macquero.com\/en\/wp-json\/wp\/v2\/posts\/19675\/revisions"}],"predecessor-version":[{"id":19676,"href":"https:\/\/www.macquero.com\/en\/wp-json\/wp\/v2\/posts\/19675\/revisions\/19676"}],"wp:featuredmedia":[{"embeddable":true,"href":"https:\/\/www.macquero.com\/en\/wp-json\/wp\/v2\/media\/19677"}],"wp:attachment":[{"href":"https:\/\/www.macquero.com\/en\/wp-json\/wp\/v2\/media?parent=19675"}],"wp:term":[{"taxonomy":"category","embeddable":true,"href":"https:\/\/www.macquero.com\/en\/wp-json\/wp\/v2\/categories?post=19675"},{"taxonomy":"post_tag","embeddable":true,"href":"https:\/\/www.macquero.com\/en\/wp-json\/wp\/v2\/tags?post=19675"}],"curies":[{"name":"wp","href":"https:\/\/api.w.org\/{rel}","templated":true}]}}