{"id":19603,"date":"2023-06-06T00:20:00","date_gmt":"2023-06-06T06:20:00","guid":{"rendered":"https:\/\/www.macquero.com\/?p=19603"},"modified":"2023-06-05T23:32:55","modified_gmt":"2023-06-06T05:32:55","slug":"todas-las-novedades-presentadas-en-la-wwdc-los-nuevos-macbook-air-mac-studio-mac-pro-ios-17-ipados-17-macos-watchos-10-y-apple-vision-pro","status":"publish","type":"post","link":"https:\/\/www.macquero.com\/en\/2023\/06\/todas-las-novedades-presentadas-en-la-wwdc-los-nuevos-macbook-air-mac-studio-mac-pro-ios-17-ipados-17-macos-watchos-10-y-apple-vision-pro\/","title":{"rendered":"Todas las novedades presentadas en la WWDC: Los nuevos MacBook Air, Mac Studio, Mac Pro, iOS 17, iPadOS 17, macOS, watchOS 10 y Apple Vision Pro."},"content":{"rendered":"<p>El nuevo\u00a0Mac Book Air\u00a0de 15 pulgadas solo pesa 1,5 kilos, est\u00e1\u00a0<strong>disponible en cuatro colores<\/strong>\u00a0(gris espacial, plateado, azul y dorado), ofrece 500 nits de brillo, posee una c\u00e1mara FaceTime 1080p y dispone de seis altavoces con audio espacial. Sin embargo, su punto fuerte es que\u00a0incluye un revolucionario chip M2\u00a0que permite 18 horas de bater\u00eda.<\/p>\n\n\n\n<h2 class=\"wp-block-heading\" id=\"m149-148-150\">Mac Studio y Mac PRO<\/h2>\n\n\n\n<p id=\"m154-153-155\">La nueva computadora de escritorio\u00a0<strong>Mac Studio<\/strong>\u00a0funciona tanto con el<strong>\u00a0chip M2 como con el nuevo M2 Ultra<\/strong>, ofrece 193 GB de memoria unificada, su CPU alcanza los 24 n\u00facleos y la GPU dispone de 76 n\u00facleos.<\/p>\n\n\n\n<p id=\"m159-158-160\">Dispone de un puerto Ethernet 10Gb, HDMI, SDX y Thunderbolt 4; incorpora conexi\u00f3n\u00a0WiFi\u00a06E, Bluetooth 5.3 y soporte para reproducir contenido en 8K;\u00a0tiene un ancho de banda de memoria de 800 GB\/s; y\u00a0 a\u00f1ade\u00a0MacOS Ventura como sistema operativo.<\/p>\n\n\n\n<p id=\"m164-163-165\">Por otro lado,\u00a0Mac Pro\u00a0tambi\u00e9n ofrece un notable rendimiento gracias al chip M2 Ultra e incluye siete ranuras de expansi\u00f3n PCIe, con seis ranuras de expansi\u00f3n abiertas compatibles con Gen 4. Asimismo, presenta ocho puertos Thunderbolt 4, esto es, el doble que el modelo anterior, con chip M1.<\/p>\n\n\n\n<p>Apple aclar\u00f3 en el evento que tanto el nuevo\u00a0Mac\u00a0Studio como el Mac Pro se pueden reservar desde este mismo lunes y\u00a0<strong>estar\u00e1n disponibles a partir del pr\u00f3ximo 13 de junio<\/strong>.<\/p>\n\n\n\n<h2 class=\"wp-block-heading\" id=\"m201-200-202\">Las esperadas Vision Pro se hacen realidad<\/h2>\n\n\n\n<p id=\"m206-205-207\">Apple Vision Pro es el primer visor desarrollado por Apple,<strong>&nbsp;un dispositivo de realidad mixta&nbsp;<\/strong>(RM) que presenta una interfaz que retoma el lenguaje de dise\u00f1o de iOS y Mac.&nbsp;<\/p>\n\n\n\n<p id=\"m211-210-212\">Este aparato&nbsp;<strong>se puede controlar con los ojos, las manos y la voz<\/strong>;&nbsp; integra una pantalla con el sistema &#8216;EyeSight&#8217; para proyectar la imagen de los ojos de quien lo utiliza;&nbsp;ofrece audio inmersivo; permite tener la sensaci\u00f3n de estar rodeado de otros usuarios durante las videollamadas;&nbsp;<strong>se puede sincronizar con iPhone, iPad y Mac<\/strong>; dispone de un audio espacial; e incorpora un<strong>&nbsp;dise\u00f1o modular con diferentes tallas&nbsp;<\/strong>para un ajuste preciso.<\/p>\n\n\n\n<p id=\"m216-215-217\">Apple tambi\u00e9n ha explicado que Apple Vision Pro tendr\u00e1 soporte para las aplicaciones de iOS y de iPadOS. Asimismo, su<strong>&nbsp;sistema operativo ser\u00e1&nbsp;visionOS<\/strong>.<\/p>\n\n\n\n<p id=\"m221-220-222\">Por \u00faltimo, el dispositivo\u00a0saldr\u00e1 a la venta por un\u00a0<strong>precio de 3.499 d\u00f3lares\u00a0y estar\u00e1 disponible a partir del pr\u00f3ximo a\u00f1o<\/strong>, inicialmente en Estados Unidos (tampoco se ha concretado fecha ni tampoco se ha indicado si se lanzar\u00e1 en otros mercados).<\/p>\n\n\n\n<h2 class=\"wp-block-heading\" id=\"m260-259-261\">Novedades en iOS 17, iPadOS 17, MacOS 14 y watchOS 10<\/h2>\n\n\n\n<p id=\"m265-264-266\">Las novedades de\u00a0<strong>iOS 17\u00a0<\/strong>son una transcripci\u00f3n en tiempo real de los mensajes de voz en el contestador, FaceTime permitir\u00e1 dejar un mensaje de v\u00eddeo si los usuarios no toman la llamada, habr\u00e1 nuevos\u00a0stickers, NameDrop servir\u00e1 para enviar archivos e im\u00e1genes al acercar dispositivos, se mejora el teclado y dictado, la auto correcci\u00f3n ser\u00e1 mucho m\u00e1s preciso y se incorporan las aplicaciones &#8216;Journal&#8217; y &#8216;StandBy&#8217;. Adem\u00e1s,\u00a0<strong>la gran novedad ha sido el adi\u00f3s al tradicional comando de voz &#8216;Oye Siri&#8217; por el nuevo &#8216;Siri&#8217;.<\/strong><\/p>\n\n\n\n<p id=\"m270-269-271\"><strong>iPadOS 17<\/strong>\u00a0dispone de nuevos\u00a0widgets\u00a0interactivos, adem\u00e1s, este sistema operativo hereda la gesti\u00f3n de pantallas de bloqueo de los m\u00f3viles\u00a0iPhone. Por otro lado, macOS 14 se llamar\u00e1\u00a0<strong>MacOS 14 Sonoma<\/strong>, teniendo en cuenta que incorporar\u00e1 todas las novedades de iOS 17 y iPadOS 17.<\/p>\n\n\n\n<p id=\"m275-274-276\">Y finalizando todas las novedades en lo que respecta a sistemas operativos, Apple informa que los&nbsp;<em>widgets&nbsp;<\/em>de<strong>&nbsp;<u><strong>watchOS 10<\/strong><\/u><\/strong>&nbsp;aparecer\u00e1n en el fondo de corona digital para acceder f\u00e1cilmente a las notificaciones o aplicaciones y se pondr\u00e1 a disposici\u00f3n de los usuarios nuevas esferas.<\/p>","protected":false},"excerpt":{"rendered":"<p>El nuevo\u00a0Mac Book Air\u00a0de 15 pulgadas solo pesa 1,5 kilos, est\u00e1\u00a0disponible en cuatro colores\u00a0(gris espacial, plateado, azul y dorado), ofrece 500 nits de brillo, posee una c\u00e1mara FaceTime 1080p y dispone de seis altavoces con audio espacial. Sin embargo, su punto fuerte es que\u00a0incluye un revolucionario chip M2\u00a0que permite 18 horas de bater\u00eda. Mac Studio &hellip;<\/p>","protected":false},"author":2,"featured_media":19604,"comment_status":"closed","ping_status":"closed","sticky":false,"template":"","format":"standard","meta":{"jetpack_post_was_ever_published":false,"_jetpack_newsletter_access":"","_jetpack_dont_email_post_to_subs":false,"_jetpack_newsletter_tier_id":0,"_jetpack_memberships_contains_paywalled_content":false,"_jetpack_memberships_contains_paid_content":false,"footnotes":"","jetpack_publicize_message":"","jetpack_publicize_feature_enabled":true,"jetpack_social_post_already_shared":true,"jetpack_social_options":{"image_generator_settings":{"template":"highway","default_image_id":0,"font":"","enabled":false},"version":2}},"categories":[5,1097],"tags":[1111],"class_list":["post-19603","post","type-post","status-publish","format-standard","has-post-thumbnail","hentry","category-apple","category-keynote","tag-wwdc"],"jetpack_publicize_connections":[],"jetpack_featured_media_url":"https:\/\/www.macquero.com\/wp-content\/uploads\/2023\/06\/sv.jpg","jetpack_sharing_enabled":true,"_links":{"self":[{"href":"https:\/\/www.macquero.com\/en\/wp-json\/wp\/v2\/posts\/19603","targetHints":{"allow":["GET"]}}],"collection":[{"href":"https:\/\/www.macquero.com\/en\/wp-json\/wp\/v2\/posts"}],"about":[{"href":"https:\/\/www.macquero.com\/en\/wp-json\/wp\/v2\/types\/post"}],"author":[{"embeddable":true,"href":"https:\/\/www.macquero.com\/en\/wp-json\/wp\/v2\/users\/2"}],"replies":[{"embeddable":true,"href":"https:\/\/www.macquero.com\/en\/wp-json\/wp\/v2\/comments?post=19603"}],"version-history":[{"count":1,"href":"https:\/\/www.macquero.com\/en\/wp-json\/wp\/v2\/posts\/19603\/revisions"}],"predecessor-version":[{"id":19605,"href":"https:\/\/www.macquero.com\/en\/wp-json\/wp\/v2\/posts\/19603\/revisions\/19605"}],"wp:featuredmedia":[{"embeddable":true,"href":"https:\/\/www.macquero.com\/en\/wp-json\/wp\/v2\/media\/19604"}],"wp:attachment":[{"href":"https:\/\/www.macquero.com\/en\/wp-json\/wp\/v2\/media?parent=19603"}],"wp:term":[{"taxonomy":"category","embeddable":true,"href":"https:\/\/www.macquero.com\/en\/wp-json\/wp\/v2\/categories?post=19603"},{"taxonomy":"post_tag","embeddable":true,"href":"https:\/\/www.macquero.com\/en\/wp-json\/wp\/v2\/tags?post=19603"}],"curies":[{"name":"wp","href":"https:\/\/api.w.org\/{rel}","templated":true}]}}