{"id":19573,"date":"2023-05-27T04:55:39","date_gmt":"2023-05-27T10:55:39","guid":{"rendered":"https:\/\/www.macquero.com\/?p=19573"},"modified":"2023-05-27T04:56:33","modified_gmt":"2023-05-27T10:56:33","slug":"apple-confirma-la-fecha-de-su-wwdc-2023","status":"publish","type":"post","link":"https:\/\/www.macquero.com\/en\/2023\/05\/apple-confirma-la-fecha-de-su-wwdc-2023\/","title":{"rendered":"Apple confirma la fecha de su WWDC 2023."},"content":{"rendered":"<p id=\"m97-96-98\">La Conferencia Mundial de Desarrolladores (WWDC) 2023 de&nbsp;Apple&nbsp;es uno de los eventos anuales de la marca m\u00e1s grandes. Por fin, han confirmado que<strong>&nbsp;se celebrar\u00e1 del 5 al 9 de junio<\/strong>&nbsp;y, en esos d\u00edas, podremos conocer las novedades destinadas para nosotros.<\/p>\n\n\n\n<h2 class=\"wp-block-heading\" id=\"m102-101-103\">Lo m\u00e1s esperado de la WWDC 2023<\/h2>\n\n\n\n<p id=\"m107-106-108\">Los rumores apuntan que Tim Cook, director ejecutivo de&nbsp;Apple, presion\u00f3 a su equipo para que<strong>&nbsp;su visor de realidad mixta, en el que llevan a\u00f1os trabajando<\/strong>, est\u00e9 listo para presentarse en el evento. Aunque la firma no ha hablado oficialmente del producto, hace tiempo que hay filtraciones al respecto e implicar\u00eda la entrada de la marca al mundo de la realidad aumentada y virtual.<\/p>\n\n\n\n<p id=\"m147-146-148\">El dispositivo, seg\u00fan algunos informes, se llamar\u00eda &#8216;Reality Pro&#8217; y su dise\u00f1o nos recordar\u00eda a unos lentes de esqu\u00ed. Se cree que cuenta con&nbsp;<strong>m\u00faltiples sensores externos para seguir el movimiento de las manos e internos para los ojos.<\/strong><\/p>\n\n\n\n<p id=\"m152-151-153\">En los \u00faltimos meses, fuentes an\u00f3nimas implicadas han explicado para los medios que est\u00e1n desarrollando versiones de sus apps nativas para poderlas usar con los lentes. Adem\u00e1s, se ha dado a conocer que&nbsp;su precio inicial rondar\u00eda los $3.000 USD, aunque hay analistas que opinan que Apple podr\u00eda estar trabajando en versiones m\u00e1s asequibles para el futuro.<\/p>\n\n\n\n<h2 class=\"wp-block-heading\">Lo qu\u00e9 se espera<\/h2>\n\n\n\n<p id=\"m157-156-158\">De anunciarse en la WWDC, se convertir\u00eda en el gran protagonista del evento, pero no ser\u00eda el \u00fanico. Tambi\u00e9n se habla de un nuevo MacBook Air de 15 pulgadas frente a lo normal que son 13 pulgadas.&nbsp;La computadora vendr\u00eda con un chip M2 de Apple y con una resoluci\u00f3n 3024 x 1964.<\/p>\n\n\n\n<p id=\"m162-161-163\">Adem\u00e1s, como es tradici\u00f3n, los fan\u00e1ticos de Apple esperan que la marca anuncie las novedades que traer\u00e1n las actualizaciones de sus sistemas operativos:<\/p>\n\n\n\n<ul class=\"wp-block-list\">\n<li><strong>iOS 17:<\/strong>&nbsp;Apple ha presentado ya una vista previa de las nuevas funciones de accesibilidad, como la posibilidad de crear una voz sint\u00e9tica que simule la propia.&nbsp;<\/li>\n\n\n\n<li><strong>iPad 17:<\/strong>&nbsp;se esperan mejoras en el sistema de gesti\u00f3n de tareas (Stage Manager).&nbsp;<\/li>\n\n\n\n<li>Se cree que habr\u00e1 un adelanto de&nbsp;<strong>macOS 14, tvOS 17 y watchOS 10<\/strong>, pero no se sabe mucho al respecto.<\/li>\n<\/ul>\n\n\n\n<h2 class=\"wp-block-heading\" id=\"m206-205-207\">\u00bfC\u00f3mo ver el evento?<\/h2>\n\n\n\n<p id=\"m211-210-212\">Como cada a\u00f1o, Apple transmitir\u00e1 la WWDC a trav\u00e9s de&nbsp;<strong>su canal de YouTube&nbsp;<\/strong>y desde una entrada en<strong>&nbsp;su sitio web.<\/strong><\/p>\n\n\n\n<p>Fuente: <a href=\"https:\/\/developer.apple.com\/wwdc23\/\" data-type=\"URL\" data-id=\"https:\/\/developer.apple.com\/wwdc23\/\" target=\"_blank\" rel=\"noreferrer noopener\">Apple<\/a>. WWDC 2023.<\/p>","protected":false},"excerpt":{"rendered":"<p>La Conferencia Mundial de Desarrolladores (WWDC) 2023 de&nbsp;Apple&nbsp;es uno de los eventos anuales de la marca m\u00e1s grandes. Por fin, han confirmado que&nbsp;se celebrar\u00e1 del 5 al 9 de junio&nbsp;y, en esos d\u00edas, podremos conocer las novedades destinadas para nosotros. Lo m\u00e1s esperado de la WWDC 2023 Los rumores apuntan que Tim Cook, director ejecutivo &hellip;<\/p>","protected":false},"author":2,"featured_media":19575,"comment_status":"closed","ping_status":"closed","sticky":false,"template":"","format":"standard","meta":{"jetpack_post_was_ever_published":false,"_jetpack_newsletter_access":"","_jetpack_dont_email_post_to_subs":false,"_jetpack_newsletter_tier_id":0,"_jetpack_memberships_contains_paywalled_content":false,"_jetpack_memberships_contains_paid_content":false,"footnotes":"","jetpack_publicize_message":"","jetpack_publicize_feature_enabled":true,"jetpack_social_post_already_shared":true,"jetpack_social_options":{"image_generator_settings":{"template":"highway","default_image_id":0,"font":"","enabled":false},"version":2}},"categories":[5,1054],"tags":[286,1111],"class_list":["post-19573","post","type-post","status-publish","format-standard","has-post-thumbnail","hentry","category-apple","category-rumores","tag-novedades","tag-wwdc"],"jetpack_publicize_connections":[],"jetpack_featured_media_url":"https:\/\/www.macquero.com\/wp-content\/uploads\/2023\/05\/wd.jpg","jetpack_sharing_enabled":true,"_links":{"self":[{"href":"https:\/\/www.macquero.com\/en\/wp-json\/wp\/v2\/posts\/19573","targetHints":{"allow":["GET"]}}],"collection":[{"href":"https:\/\/www.macquero.com\/en\/wp-json\/wp\/v2\/posts"}],"about":[{"href":"https:\/\/www.macquero.com\/en\/wp-json\/wp\/v2\/types\/post"}],"author":[{"embeddable":true,"href":"https:\/\/www.macquero.com\/en\/wp-json\/wp\/v2\/users\/2"}],"replies":[{"embeddable":true,"href":"https:\/\/www.macquero.com\/en\/wp-json\/wp\/v2\/comments?post=19573"}],"version-history":[{"count":2,"href":"https:\/\/www.macquero.com\/en\/wp-json\/wp\/v2\/posts\/19573\/revisions"}],"predecessor-version":[{"id":19576,"href":"https:\/\/www.macquero.com\/en\/wp-json\/wp\/v2\/posts\/19573\/revisions\/19576"}],"wp:featuredmedia":[{"embeddable":true,"href":"https:\/\/www.macquero.com\/en\/wp-json\/wp\/v2\/media\/19575"}],"wp:attachment":[{"href":"https:\/\/www.macquero.com\/en\/wp-json\/wp\/v2\/media?parent=19573"}],"wp:term":[{"taxonomy":"category","embeddable":true,"href":"https:\/\/www.macquero.com\/en\/wp-json\/wp\/v2\/categories?post=19573"},{"taxonomy":"post_tag","embeddable":true,"href":"https:\/\/www.macquero.com\/en\/wp-json\/wp\/v2\/tags?post=19573"}],"curies":[{"name":"wp","href":"https:\/\/api.w.org\/{rel}","templated":true}]}}