{"id":19536,"date":"2023-05-22T00:20:00","date_gmt":"2023-05-22T06:20:00","guid":{"rendered":"https:\/\/www.macquero.com\/?p=19536"},"modified":"2023-05-22T05:09:59","modified_gmt":"2023-05-22T11:09:59","slug":"apple-lanza-personal-voice-para-que-tu-iphone-pueda-leer-textos-con-tu-propia-voz","status":"publish","type":"post","link":"https:\/\/www.macquero.com\/en\/2023\/05\/apple-lanza-personal-voice-para-que-tu-iphone-pueda-leer-textos-con-tu-propia-voz\/","title":{"rendered":"Apple lanza &#8216;Personal Voice&#8217; para que tu iPhone pueda leer textos con tu propia voz."},"content":{"rendered":"<p>Apple ha lanzado una funci\u00f3n llamada&nbsp;<strong>&#8216;Personal Voice&#8217;&nbsp;<\/strong>que forma parte de una serie de caracter\u00edsticas nuevas enfocadas a la accesibilidad para usuarios con dificultades cognitivas o f\u00edsicas. <\/p>\n\n\n\n<p id=\"m137-136-138\">Para poder darle al tel\u00e9fono inteligente la voz personal, basta con un cuarto de hora de entrenamiento. Seg\u00fan la compa\u00f1\u00eda,&nbsp;los internautas tendr\u00e1n que leer las frases que se muestren en la pantalla del&nbsp;dispositivo.<\/p>\n\n\n\n<p id=\"m142-141-143\">El resultado de Personal Voice ha sido posible gracias a la aplicaci\u00f3n de la tecnolog\u00eda Live Speech y de un sistema de aprendizaje autom\u00e1tico integrado, que permite que se pueda usar&nbsp;<strong>sin conexi\u00f3n a Internet<\/strong>&nbsp;y mantiene la informaci\u00f3n del usuario y su voz a buen recaudo.<\/p>\n\n\n\n<h2 class=\"wp-block-heading\">Nuevas caracter\u00edsticas<\/h2>\n\n\n\n<p id=\"m181-180-182\">La marca ha renovado su lupa para integrar Personal Voice. De este modo, los internautas con problemas de visi\u00f3n<strong>&nbsp;podr\u00e1n saber qu\u00e9 dice la letra peque\u00f1a de las etiquetas&nbsp;<\/strong>de los productos antes de comprarlos, por ejemplo.<\/p>\n\n\n\n<p id=\"m186-185-187\">Tambi\u00e9n se le podr\u00e1&nbsp;pedir a&nbsp;Siri&nbsp;que hable m\u00e1s lento o m\u00e1s r\u00e1pido,&nbsp;dependiendo de las necesidades del usuario.<\/p>","protected":false},"excerpt":{"rendered":"<p>Apple ha lanzado una funci\u00f3n llamada&nbsp;&#8216;Personal Voice&#8217;&nbsp;que forma parte de una serie de caracter\u00edsticas nuevas enfocadas a la accesibilidad para usuarios con dificultades cognitivas o f\u00edsicas. Para poder darle al tel\u00e9fono inteligente la voz personal, basta con un cuarto de hora de entrenamiento. Seg\u00fan la compa\u00f1\u00eda,&nbsp;los internautas tendr\u00e1n que leer las frases que se muestren &hellip;<\/p>","protected":false},"author":2,"featured_media":19537,"comment_status":"closed","ping_status":"closed","sticky":false,"template":"","format":"standard","meta":{"jetpack_post_was_ever_published":false,"_jetpack_newsletter_access":"","_jetpack_dont_email_post_to_subs":false,"_jetpack_newsletter_tier_id":0,"_jetpack_memberships_contains_paywalled_content":false,"_jetpack_memberships_contains_paid_content":false,"footnotes":"","jetpack_publicize_message":"","jetpack_publicize_feature_enabled":true,"jetpack_social_post_already_shared":true,"jetpack_social_options":{"image_generator_settings":{"template":"highway","default_image_id":0,"font":"","enabled":false},"version":2}},"categories":[5],"tags":[1221],"class_list":["post-19536","post","type-post","status-publish","format-standard","has-post-thumbnail","hentry","category-apple","tag-accesibilidad"],"jetpack_publicize_connections":[],"jetpack_featured_media_url":"https:\/\/www.macquero.com\/wp-content\/uploads\/2023\/05\/cc.jpg","jetpack_sharing_enabled":true,"_links":{"self":[{"href":"https:\/\/www.macquero.com\/en\/wp-json\/wp\/v2\/posts\/19536","targetHints":{"allow":["GET"]}}],"collection":[{"href":"https:\/\/www.macquero.com\/en\/wp-json\/wp\/v2\/posts"}],"about":[{"href":"https:\/\/www.macquero.com\/en\/wp-json\/wp\/v2\/types\/post"}],"author":[{"embeddable":true,"href":"https:\/\/www.macquero.com\/en\/wp-json\/wp\/v2\/users\/2"}],"replies":[{"embeddable":true,"href":"https:\/\/www.macquero.com\/en\/wp-json\/wp\/v2\/comments?post=19536"}],"version-history":[{"count":2,"href":"https:\/\/www.macquero.com\/en\/wp-json\/wp\/v2\/posts\/19536\/revisions"}],"predecessor-version":[{"id":19554,"href":"https:\/\/www.macquero.com\/en\/wp-json\/wp\/v2\/posts\/19536\/revisions\/19554"}],"wp:featuredmedia":[{"embeddable":true,"href":"https:\/\/www.macquero.com\/en\/wp-json\/wp\/v2\/media\/19537"}],"wp:attachment":[{"href":"https:\/\/www.macquero.com\/en\/wp-json\/wp\/v2\/media?parent=19536"}],"wp:term":[{"taxonomy":"category","embeddable":true,"href":"https:\/\/www.macquero.com\/en\/wp-json\/wp\/v2\/categories?post=19536"},{"taxonomy":"post_tag","embeddable":true,"href":"https:\/\/www.macquero.com\/en\/wp-json\/wp\/v2\/tags?post=19536"}],"curies":[{"name":"wp","href":"https:\/\/api.w.org\/{rel}","templated":true}]}}