{"id":19519,"date":"2023-05-15T23:24:15","date_gmt":"2023-05-16T05:24:15","guid":{"rendered":"https:\/\/www.macquero.com\/?p=19519"},"modified":"2023-05-15T23:24:56","modified_gmt":"2023-05-16T05:24:56","slug":"se-filtra-el-diseno-del-proximo-iphone-15-estas-son-sus-caracteristicas","status":"publish","type":"post","link":"https:\/\/www.macquero.com\/en\/2023\/05\/se-filtra-el-diseno-del-proximo-iphone-15-estas-son-sus-caracteristicas\/","title":{"rendered":"Se filtra el dise\u00f1o del pr\u00f3ximo iPhone 15: estas son sus caracter\u00edsticas."},"content":{"rendered":"<h2 class=\"wp-block-heading\" id=\"m102-101-103\">Lo que se espera del dise\u00f1o<\/h2>\n\n\n\n<p id=\"m107-106-108\">Apple no suele realizar muchos cambios en la est\u00e9tica de sus tel\u00e9fonos de un a\u00f1o para otro y con iPhone 15 no iba a ser diferente.&nbsp;Es bastante similar a los 14, pero destacan<strong>&nbsp;sus bordes traseros redondeados<\/strong>&nbsp;que podr\u00edan facilitar el agarre sin funda. Otros rumores apuntan a que el nuevo modelo tendr\u00e1&nbsp;<strong>unos marcos m\u00e1s delgados<\/strong>, parecidos al reloj de la marca.&nbsp;<\/p>\n\n\n\n<p id=\"m147-146-148\">De los materiales, hay quien vaticina que sobresaldr\u00e1&nbsp;<strong>el titanio<\/strong>. Dicho material es el que se utiliza en los&nbsp;Apple Watch&nbsp;Ultra y ofrece m\u00e1s resistencia y ligereza. Esto podr\u00eda ser una gran mejora, sobre todo para los iPhone Max cuyo peso es una de sus desventajas.<\/p>\n\n\n\n<p id=\"m152-151-153\">Tambi\u00e9n se comenta que&nbsp;<strong>dispondr\u00e1 de un puerto USB-C<\/strong>, al menos en Europa, para cumplir con&nbsp;la nueva normativa&nbsp;de la UE. Esta entrada de carga sustituir\u00e1 al puerto Ligthning.<\/p>\n\n\n\n<p id=\"m157-156-158\">Un molde de aluminio de la f\u00e1brica de&nbsp;Apple&nbsp;en China que se ha compartido en <a href=\"https:\/\/twitter.com\/korean_riceball\/status\/1656186470930190336?ref_src=twsrc%5Etfw%7Ctwcamp%5Etweetembed%7Ctwterm%5E1656186470930190336%7Ctwgr%5E1634b1f949c2af0b822388e0aca3448c5db88ed0%7Ctwcon%5Es1_&amp;ref_url=https%3A%2F%2Fwww.20minutos.es%2Ftecnologia%2Fmoviles-dispositivos%2Fdiseno-iphone-15-filtraciones-rumores-5127957%2F\" data-type=\"URL\" data-id=\"https:\/\/twitter.com\/korean_riceball\/status\/1656186470930190336?ref_src=twsrc%5Etfw%7Ctwcamp%5Etweetembed%7Ctwterm%5E1656186470930190336%7Ctwgr%5E1634b1f949c2af0b822388e0aca3448c5db88ed0%7Ctwcon%5Es1_&amp;ref_url=https%3A%2F%2Fwww.20minutos.es%2Ftecnologia%2Fmoviles-dispositivos%2Fdiseno-iphone-15-filtraciones-rumores-5127957%2F\" target=\"_blank\" rel=\"noreferrer noopener\">Twitter<\/a> muestra la forma y detalles que tendr\u00e1 el pr\u00f3ximo iPhone Pro. Adem\u00e1s de lo ya citado, los m\u00f3dulos de las c\u00e1maras ser\u00e1n m\u00e1s grandes, por lo que se intuye que podr\u00eda haber<strong>&nbsp;un mayor zoom \u00f3ptico.<\/strong><\/p>","protected":false},"excerpt":{"rendered":"<p>Lo que se espera del dise\u00f1o Apple no suele realizar muchos cambios en la est\u00e9tica de sus tel\u00e9fonos de un a\u00f1o para otro y con iPhone 15 no iba a ser diferente.&nbsp;Es bastante similar a los 14, pero destacan&nbsp;sus bordes traseros redondeados&nbsp;que podr\u00edan facilitar el agarre sin funda. Otros rumores apuntan a que el nuevo &hellip;<\/p>","protected":false},"author":2,"featured_media":19520,"comment_status":"closed","ping_status":"closed","sticky":false,"template":"","format":"standard","meta":{"jetpack_post_was_ever_published":false,"_jetpack_newsletter_access":"","_jetpack_dont_email_post_to_subs":false,"_jetpack_newsletter_tier_id":0,"_jetpack_memberships_contains_paywalled_content":false,"_jetpack_memberships_contains_paid_content":false,"footnotes":"","jetpack_publicize_message":"","jetpack_publicize_feature_enabled":true,"jetpack_social_post_already_shared":true,"jetpack_social_options":{"image_generator_settings":{"template":"highway","default_image_id":0,"font":"","enabled":false},"version":2}},"categories":[5,1054],"tags":[1105],"class_list":["post-19519","post","type-post","status-publish","format-standard","has-post-thumbnail","hentry","category-apple","category-rumores","tag-noticia"],"jetpack_publicize_connections":[],"jetpack_featured_media_url":"https:\/\/www.macquero.com\/wp-content\/uploads\/2023\/05\/ph.jpg","jetpack_sharing_enabled":true,"_links":{"self":[{"href":"https:\/\/www.macquero.com\/en\/wp-json\/wp\/v2\/posts\/19519","targetHints":{"allow":["GET"]}}],"collection":[{"href":"https:\/\/www.macquero.com\/en\/wp-json\/wp\/v2\/posts"}],"about":[{"href":"https:\/\/www.macquero.com\/en\/wp-json\/wp\/v2\/types\/post"}],"author":[{"embeddable":true,"href":"https:\/\/www.macquero.com\/en\/wp-json\/wp\/v2\/users\/2"}],"replies":[{"embeddable":true,"href":"https:\/\/www.macquero.com\/en\/wp-json\/wp\/v2\/comments?post=19519"}],"version-history":[{"count":2,"href":"https:\/\/www.macquero.com\/en\/wp-json\/wp\/v2\/posts\/19519\/revisions"}],"predecessor-version":[{"id":19522,"href":"https:\/\/www.macquero.com\/en\/wp-json\/wp\/v2\/posts\/19519\/revisions\/19522"}],"wp:featuredmedia":[{"embeddable":true,"href":"https:\/\/www.macquero.com\/en\/wp-json\/wp\/v2\/media\/19520"}],"wp:attachment":[{"href":"https:\/\/www.macquero.com\/en\/wp-json\/wp\/v2\/media?parent=19519"}],"wp:term":[{"taxonomy":"category","embeddable":true,"href":"https:\/\/www.macquero.com\/en\/wp-json\/wp\/v2\/categories?post=19519"},{"taxonomy":"post_tag","embeddable":true,"href":"https:\/\/www.macquero.com\/en\/wp-json\/wp\/v2\/tags?post=19519"}],"curies":[{"name":"wp","href":"https:\/\/api.w.org\/{rel}","templated":true}]}}