{"id":19489,"date":"2023-05-07T00:20:00","date_gmt":"2023-05-07T06:20:00","guid":{"rendered":"https:\/\/www.macquero.com\/?p=19489"},"modified":"2023-05-06T21:21:45","modified_gmt":"2023-05-07T03:21:45","slug":"minions-nace-un-villano","status":"publish","type":"post","link":"https:\/\/www.macquero.com\/en\/2023\/05\/minions-nace-un-villano\/","title":{"rendered":"Minions: nace un villano."},"content":{"rendered":"<p>El fin de semana me acerqu\u00e9 a la plataforma del Apple TV+ para ver por primera vez est\u00e1 pel\u00edcula.<\/p>\n\n\n\n<h2 class=\"wp-block-heading\">Sipnosis<\/h2>\n\n\n\n<p>En los a\u00f1os 70, Gru (Steve Carell) crece siendo un gran admirador de &#8220;Los salvajes seis&#8221;, un super grupo de villanos. Para demostrarles que puede ser malvado, dise\u00f1a un plan con la esperanza de formar parte de la banda.<\/p>\n\n\n\n<p>\u201cMinions: Nace un villano\u201d es divertida sin embargo, tambi\u00e9n es factible que no llene las mismas expectativas de sus antecesoras. No obstante, tampoco es un mal producto. Si tienes ni\u00f1os en casa, ser\u00e1 la opci\u00f3n definitiva para ellos este fin de semana. <\/p>\n\n\n\n<p>Disponible para rentar o comprar en la tienda de\u00a0<a href=\"https:\/\/tv.apple.com\/mx\/movie\/minions-the-rise-of-gru\/umc.cmc.5xau039ykrtctcxpbjbveaevh\" data-type=\"URL\" data-id=\"https:\/\/tv.apple.com\/mx\/movie\/minions-the-rise-of-gru\/umc.cmc.5xau039ykrtctcxpbjbveaevh\" target=\"_blank\" rel=\"noreferrer noopener\">\uf8ffTV<\/a>\u00a0y tambi\u00e9n para suscriptores de\u00a0HBO Max.<\/p>","protected":false},"excerpt":{"rendered":"<p>El fin de semana me acerqu\u00e9 a la plataforma del Apple TV+ para ver por primera vez est\u00e1 pel\u00edcula. Sipnosis En los a\u00f1os 70, Gru (Steve Carell) crece siendo un gran admirador de &#8220;Los salvajes seis&#8221;, un super grupo de villanos. Para demostrarles que puede ser malvado, dise\u00f1a un plan con la esperanza de formar &hellip;<\/p>","protected":false},"author":2,"featured_media":19490,"comment_status":"closed","ping_status":"closed","sticky":false,"template":"","format":"standard","meta":{"jetpack_post_was_ever_published":false,"_jetpack_newsletter_access":"","_jetpack_dont_email_post_to_subs":false,"_jetpack_newsletter_tier_id":0,"_jetpack_memberships_contains_paywalled_content":false,"_jetpack_memberships_contains_paid_content":false,"footnotes":"","jetpack_publicize_message":"","jetpack_publicize_feature_enabled":true,"jetpack_social_post_already_shared":true,"jetpack_social_options":{"image_generator_settings":{"template":"highway","default_image_id":0,"font":"","enabled":false},"version":2}},"categories":[1159,691,686],"tags":[1219],"class_list":["post-19489","post","type-post","status-publish","format-standard","has-post-thumbnail","hentry","category-apple-tv-4k","category-comedia","category-para-toda-la-familia","tag-animados"],"jetpack_publicize_connections":[],"jetpack_featured_media_url":"https:\/\/www.macquero.com\/wp-content\/uploads\/2023\/05\/io.jpg","jetpack_sharing_enabled":true,"_links":{"self":[{"href":"https:\/\/www.macquero.com\/en\/wp-json\/wp\/v2\/posts\/19489","targetHints":{"allow":["GET"]}}],"collection":[{"href":"https:\/\/www.macquero.com\/en\/wp-json\/wp\/v2\/posts"}],"about":[{"href":"https:\/\/www.macquero.com\/en\/wp-json\/wp\/v2\/types\/post"}],"author":[{"embeddable":true,"href":"https:\/\/www.macquero.com\/en\/wp-json\/wp\/v2\/users\/2"}],"replies":[{"embeddable":true,"href":"https:\/\/www.macquero.com\/en\/wp-json\/wp\/v2\/comments?post=19489"}],"version-history":[{"count":1,"href":"https:\/\/www.macquero.com\/en\/wp-json\/wp\/v2\/posts\/19489\/revisions"}],"predecessor-version":[{"id":19491,"href":"https:\/\/www.macquero.com\/en\/wp-json\/wp\/v2\/posts\/19489\/revisions\/19491"}],"wp:featuredmedia":[{"embeddable":true,"href":"https:\/\/www.macquero.com\/en\/wp-json\/wp\/v2\/media\/19490"}],"wp:attachment":[{"href":"https:\/\/www.macquero.com\/en\/wp-json\/wp\/v2\/media?parent=19489"}],"wp:term":[{"taxonomy":"category","embeddable":true,"href":"https:\/\/www.macquero.com\/en\/wp-json\/wp\/v2\/categories?post=19489"},{"taxonomy":"post_tag","embeddable":true,"href":"https:\/\/www.macquero.com\/en\/wp-json\/wp\/v2\/tags?post=19489"}],"curies":[{"name":"wp","href":"https:\/\/api.w.org\/{rel}","templated":true}]}}