{"id":19467,"date":"2023-05-03T04:09:40","date_gmt":"2023-05-03T10:09:40","guid":{"rendered":"https:\/\/www.macquero.com\/?p=19467"},"modified":"2023-05-03T04:13:34","modified_gmt":"2023-05-03T10:13:34","slug":"omg-omg-la-sexta-entrega-de-outlander-ya-se-encuentra-disponible-en-la-plataforma-de-netflix","status":"publish","type":"post","link":"https:\/\/www.macquero.com\/en\/2023\/05\/omg-omg-la-sexta-entrega-de-outlander-ya-se-encuentra-disponible-en-la-plataforma-de-netflix\/","title":{"rendered":"OMG! OMG! La sexta entrega de Outlander ya se encuentra disponible en la plataforma de NETFLIX."},"content":{"rendered":"<p>Puntuaci\u00f3n: &#x2b50;&#x2b50;&#x2b50;&#x2b50;&#x2b50;<\/p>\n\n\n\n<p>Gracias a su apasionante y emocionante historia de amor,&nbsp;Outlander&nbsp;se ha convertido en una de las series m\u00e1s ic\u00f3nicas del g\u00e9nero rom\u00e1ntico. <\/p>\n\n\n\n<h2 class=\"wp-block-heading\">Lo qu\u00e9 veremos en la sexta temporada <\/h2>\n\n\n\n<p>La sexta temporada de &#8216;Outlander&#8217; tomar\u00e1 como base la novela <strong>&#8216;Viento y ceniza&#8217; <\/strong>de&nbsp;<strong>Diana Gabaldon<\/strong>, pero no ser\u00e1 una adaptaci\u00f3n literal del material de base. A priori, uno de los aspectos m\u00e1s esperados es ver c\u00f3mo afectar\u00e1 realmente a Claire el hecho de haber sido apalizada y violada por un grupo de hombres antes de ser rescatada por Jamie. -Ella mismo dijo que no pod\u00eda dejar que eso la marcase, pero obviamente tendr\u00e1 alg\u00fan tipo de efecto en su forma de ser.<\/p>\n\n\n\n<p>Adem\u00e1s, estos nuevos episodios de la serie tendr\u00e1n que profundizar m\u00e1s en otras tramas abiertas como el hecho de que Brianna descubriera que la persona que intent\u00f3 agredirla sexualmente sigue con vida y quiz\u00e1 todav\u00eda est\u00e9 intentando dar con ella.<\/p>\n\n\n\n<p>Adem\u00e1s, merece la pena se\u00f1alar que&nbsp;<strong>Matthew B. Roberts<\/strong>, productor ejecutivo de &#8216;Outlander&#8217;, ha querido&nbsp;<a href=\"https:\/\/www.elle.com\/culture\/movies-tv\/a35129140\/outlander-season-6-filming-production-start\/\">dejar claro<\/a>&nbsp;que esta sexta temporada seguir\u00e1 contando con muchas escenas \u00edntimas, (escenas que hacen especial esta serie), ya que &#8220;no quer\u00eda que el equipo tuviese que cambiar la historia por el coronavirus&#8221;.<\/p>\n\n\n\n<h2 class=\"wp-block-heading\">Futuro<\/h2>\n\n\n\n<p>En su momento surgieron &#8220;ciertos rumores&#8221; de que la sexta temporada de la serie podr\u00eda ser la \u00faltima, pero Starz+\u00a0renov\u00f3 &#8216;Outlander&#8217; para una s\u00e9ptima temporada\u00a0en marzo de 2021, sin dar detalles de nuevas d\u00e1divas acerca de la historia. Ahora, no queda muy claro, d\u00f3nde veremos lo que resta si, en Netflix o en Star+ de hecho, la cadena que adquiri\u00f3 los derechos est\u00e1 interesada en desarrollar posibles spin-offs&#8230; As\u00ed qu\u00e9 no s\u00e9. <\/p>\n\n\n\n<p>En fin, no le des m\u00e1s vueltas, a disfrutar de est\u00e1 entrega. <\/p>","protected":false},"excerpt":{"rendered":"<p>Puntuaci\u00f3n: &#x2b50;&#x2b50;&#x2b50;&#x2b50;&#x2b50; Gracias a su apasionante y emocionante historia de amor,&nbsp;Outlander&nbsp;se ha convertido en una de las series m\u00e1s ic\u00f3nicas del g\u00e9nero rom\u00e1ntico. Lo qu\u00e9 veremos en la sexta temporada La sexta temporada de &#8216;Outlander&#8217; tomar\u00e1 como base la novela &#8216;Viento y ceniza&#8217; de&nbsp;Diana Gabaldon, pero no ser\u00e1 una adaptaci\u00f3n literal del material de base. &hellip;<\/p>","protected":false},"author":2,"featured_media":19468,"comment_status":"closed","ping_status":"closed","sticky":false,"template":"","format":"standard","meta":{"jetpack_post_was_ever_published":false,"_jetpack_newsletter_access":"","_jetpack_dont_email_post_to_subs":false,"_jetpack_newsletter_tier_id":0,"_jetpack_memberships_contains_paywalled_content":false,"_jetpack_memberships_contains_paid_content":false,"footnotes":"","jetpack_publicize_message":"","jetpack_publicize_feature_enabled":true,"jetpack_social_post_already_shared":true,"jetpack_social_options":{"image_generator_settings":{"template":"highway","default_image_id":0,"font":"","enabled":false},"version":2}},"categories":[1007,732],"tags":[1218,849,378],"class_list":["post-19467","post","type-post","status-publish","format-standard","has-post-thumbnail","hentry","category-avances","category-series","tag-drama-belico","tag-intimo","tag-romance"],"jetpack_publicize_connections":[],"jetpack_featured_media_url":"https:\/\/www.macquero.com\/wp-content\/uploads\/2023\/05\/la.jpg","jetpack_sharing_enabled":true,"_links":{"self":[{"href":"https:\/\/www.macquero.com\/en\/wp-json\/wp\/v2\/posts\/19467","targetHints":{"allow":["GET"]}}],"collection":[{"href":"https:\/\/www.macquero.com\/en\/wp-json\/wp\/v2\/posts"}],"about":[{"href":"https:\/\/www.macquero.com\/en\/wp-json\/wp\/v2\/types\/post"}],"author":[{"embeddable":true,"href":"https:\/\/www.macquero.com\/en\/wp-json\/wp\/v2\/users\/2"}],"replies":[{"embeddable":true,"href":"https:\/\/www.macquero.com\/en\/wp-json\/wp\/v2\/comments?post=19467"}],"version-history":[{"count":4,"href":"https:\/\/www.macquero.com\/en\/wp-json\/wp\/v2\/posts\/19467\/revisions"}],"predecessor-version":[{"id":19472,"href":"https:\/\/www.macquero.com\/en\/wp-json\/wp\/v2\/posts\/19467\/revisions\/19472"}],"wp:featuredmedia":[{"embeddable":true,"href":"https:\/\/www.macquero.com\/en\/wp-json\/wp\/v2\/media\/19468"}],"wp:attachment":[{"href":"https:\/\/www.macquero.com\/en\/wp-json\/wp\/v2\/media?parent=19467"}],"wp:term":[{"taxonomy":"category","embeddable":true,"href":"https:\/\/www.macquero.com\/en\/wp-json\/wp\/v2\/categories?post=19467"},{"taxonomy":"post_tag","embeddable":true,"href":"https:\/\/www.macquero.com\/en\/wp-json\/wp\/v2\/tags?post=19467"}],"curies":[{"name":"wp","href":"https:\/\/api.w.org\/{rel}","templated":true}]}}