{"id":19400,"date":"2023-04-16T00:20:00","date_gmt":"2023-04-16T06:20:00","guid":{"rendered":"https:\/\/www.macquero.com\/?p=19400"},"modified":"2023-04-16T02:11:42","modified_gmt":"2023-04-16T08:11:42","slug":"calibrar-la-bateria-de-tu-macbook-pro","status":"publish","type":"post","link":"https:\/\/www.macquero.com\/en\/2023\/04\/calibrar-la-bateria-de-tu-macbook-pro\/","title":{"rendered":"Calibrar la bater\u00eda de tu MacBook Pro."},"content":{"rendered":"<p>Una de las cosas que literalmente olvidas con el tiempo cu\u00e1ndo tienes una port\u00e1til es darle nueva vida a la bater\u00eda de tu dispositivo.  <\/p>\n\n\n\n<h2 class=\"wp-block-heading\">Bater\u00eda inestable<\/h2>\n\n\n\n<ul class=\"wp-block-list\">\n<li>Eliminar apps de carga en la sesi\u00f3n de arranque.<\/li>\n\n\n\n<li>Minimizar el uso del brillo en la pantalla y el teclado. (Subir el nivel cu\u00e1ndo lo necesites). <\/li>\n\n\n\n<li>Desactivar las opciones de Wi-Fi y Bluetooth sino son esenciales. <\/li>\n\n\n\n<li>Puedes tener conectada tu MacBook Pro a la corriente cu\u00e1ndo la requieras para operar por per\u00edodos de trabajo m\u00e1s exhaustivos y desactivarla de la corriente para otros factores de uso. (Ver video).<\/li>\n<\/ul>\n\n\n\n<p> <\/p>\n\n\n\n<figure class=\"wp-block-embed is-type-video is-provider-youtube wp-block-embed-youtube wp-embed-aspect-16-9 wp-has-aspect-ratio\"><div class=\"wp-block-embed__wrapper\">\n<span class=\"embed-youtube\" style=\"text-align:center; display: block;\"><iframe loading=\"lazy\" class=\"youtube-player\" width=\"640\" height=\"360\" src=\"https:\/\/www.youtube.com\/embed\/HaKnrkXWG_E?version=3&#038;rel=1&#038;showsearch=0&#038;showinfo=1&#038;iv_load_policy=1&#038;fs=1&#038;hl=en-US&#038;autohide=2&#038;wmode=transparent\" allowfullscreen=\"true\" style=\"border:0;\" sandbox=\"allow-scripts allow-same-origin allow-popups allow-presentation allow-popups-to-escape-sandbox\"><\/iframe><\/span>\n<\/div><figcaption class=\"wp-element-caption\">Cr\u00e9ditos: Cristo Vega.<\/figcaption><\/figure>\n\n\n\n<h2 class=\"wp-block-heading\">Calibrar bater\u00eda<\/h2>\n\n\n\n<ul class=\"wp-block-list\">\n<li>Conectar tu Macbook Pro a la corriente hasta alcanzar el 100% de carga total. <\/li>\n\n\n\n<li> Usar la Macbook Pro en la modalidad de consumo el\u00e9ctrico -sin carga- por 2 horas. (Aseg\u00farate de que la bater\u00eda no se est\u00e9 cargando con la alimentaci\u00f3n sostenida).<\/li>\n\n\n\n<li>Desenchufar la MacBook Pro, y empezar a consumir toda la carga de bater\u00eda. Hasta gastarla toda. (Ignorando las alertas del sistema) para llevar la maquina a un estado cr\u00edtico de apagado inminente. (Ver video explicativo). <\/li>\n\n\n\n<li>Dejar la maquina en estado de hibernaci\u00f3n o apagada por un lapso de 6 a 8 horas para que la bater\u00eda calcule el cierre del ciclo de forma correcta.  <\/li>\n<\/ul>\n\n\n\n<figure class=\"wp-block-embed is-type-video is-provider-youtube wp-block-embed-youtube wp-embed-aspect-16-9 wp-has-aspect-ratio\"><div class=\"wp-block-embed__wrapper\">\n<span class=\"embed-youtube\" style=\"text-align:center; display: block;\"><iframe loading=\"lazy\" class=\"youtube-player\" width=\"640\" height=\"360\" src=\"https:\/\/www.youtube.com\/embed\/yz27xT4YUrU?version=3&#038;rel=1&#038;showsearch=0&#038;showinfo=1&#038;iv_load_policy=1&#038;fs=1&#038;hl=en-US&#038;autohide=2&#038;wmode=transparent\" allowfullscreen=\"true\" style=\"border:0;\" sandbox=\"allow-scripts allow-same-origin allow-popups allow-presentation allow-popups-to-escape-sandbox\"><\/iframe><\/span>\n<\/div><figcaption class=\"wp-element-caption\">Cr\u00e9ditos: Fabian Fern\u00e1ndez. <\/figcaption><\/figure>\n\n\n\n<p>Si me preguntas a mi, no tengo ni idea. Y es que tras ver el siguiente video de Cristian Plaza, ahora no s\u00e9 qu\u00e9 hacer. (Risas). De cualquier forma dej\u00f3 abierto los comentarios en este post, por si quieres a\u00f1adir algo que se me escap\u00f3. <\/p>\n\n\n\n<h2 class=\"wp-block-heading\">Gu\u00eda para el cuidado de la MacBook Pro<\/h2>\n\n\n\n<figure class=\"wp-block-embed is-type-rich is-provider-gestor-del-servicio wp-block-embed-gestor-del-servicio wp-embed-aspect-16-9 wp-has-aspect-ratio\"><div class=\"wp-block-embed__wrapper\">\n<span class=\"embed-youtube\" style=\"text-align:center; display: block;\"><iframe loading=\"lazy\" class=\"youtube-player\" width=\"640\" height=\"360\" src=\"https:\/\/www.youtube.com\/embed\/7CFf4Uv7yc8?version=3&#038;rel=1&#038;showsearch=0&#038;showinfo=1&#038;iv_load_policy=1&#038;fs=1&#038;hl=en-US&#038;autohide=2&#038;wmode=transparent\" allowfullscreen=\"true\" style=\"border:0;\" sandbox=\"allow-scripts allow-same-origin allow-popups allow-presentation allow-popups-to-escape-sandbox\"><\/iframe><\/span>\n<\/div><figcaption class=\"wp-element-caption\">Cr\u00e9ditos: Cristian Plaza. <\/figcaption><\/figure>","protected":false},"excerpt":{"rendered":"<p>Una de las cosas que literalmente olvidas con el tiempo cu\u00e1ndo tienes una port\u00e1til es darle nueva vida a la bater\u00eda de tu dispositivo. Bater\u00eda inestable Eliminar apps de carga en la sesi\u00f3n de arranque. Minimizar el uso del brillo en la pantalla y el teclado. (Subir el nivel cu\u00e1ndo lo necesites). Desactivar las opciones &hellip;<\/p>","protected":false},"author":2,"featured_media":19401,"comment_status":"open","ping_status":"closed","sticky":false,"template":"","format":"standard","meta":{"jetpack_post_was_ever_published":false,"_jetpack_newsletter_access":"","_jetpack_dont_email_post_to_subs":false,"_jetpack_newsletter_tier_id":0,"_jetpack_memberships_contains_paywalled_content":false,"_jetpack_memberships_contains_paid_content":false,"footnotes":"","jetpack_publicize_message":"","jetpack_publicize_feature_enabled":true,"jetpack_social_post_already_shared":true,"jetpack_social_options":{"image_generator_settings":{"template":"highway","default_image_id":0,"font":"","enabled":false},"version":2}},"categories":[128,371,1018],"tags":[1204,1169,1203],"class_list":["post-19400","post","type-post","status-publish","format-standard","has-post-thumbnail","hentry","category-consejos","category-mac","category-soporte","tag-bateria","tag-macbook-pro","tag-recomendaciones"],"jetpack_publicize_connections":[],"jetpack_featured_media_url":"https:\/\/www.macquero.com\/wp-content\/uploads\/2023\/04\/pp-2.jpg","jetpack_sharing_enabled":true,"_links":{"self":[{"href":"https:\/\/www.macquero.com\/en\/wp-json\/wp\/v2\/posts\/19400","targetHints":{"allow":["GET"]}}],"collection":[{"href":"https:\/\/www.macquero.com\/en\/wp-json\/wp\/v2\/posts"}],"about":[{"href":"https:\/\/www.macquero.com\/en\/wp-json\/wp\/v2\/types\/post"}],"author":[{"embeddable":true,"href":"https:\/\/www.macquero.com\/en\/wp-json\/wp\/v2\/users\/2"}],"replies":[{"embeddable":true,"href":"https:\/\/www.macquero.com\/en\/wp-json\/wp\/v2\/comments?post=19400"}],"version-history":[{"count":3,"href":"https:\/\/www.macquero.com\/en\/wp-json\/wp\/v2\/posts\/19400\/revisions"}],"predecessor-version":[{"id":19405,"href":"https:\/\/www.macquero.com\/en\/wp-json\/wp\/v2\/posts\/19400\/revisions\/19405"}],"wp:featuredmedia":[{"embeddable":true,"href":"https:\/\/www.macquero.com\/en\/wp-json\/wp\/v2\/media\/19401"}],"wp:attachment":[{"href":"https:\/\/www.macquero.com\/en\/wp-json\/wp\/v2\/media?parent=19400"}],"wp:term":[{"taxonomy":"category","embeddable":true,"href":"https:\/\/www.macquero.com\/en\/wp-json\/wp\/v2\/categories?post=19400"},{"taxonomy":"post_tag","embeddable":true,"href":"https:\/\/www.macquero.com\/en\/wp-json\/wp\/v2\/tags?post=19400"}],"curies":[{"name":"wp","href":"https:\/\/api.w.org\/{rel}","templated":true}]}}