{"id":19381,"date":"2023-04-10T10:01:33","date_gmt":"2023-04-10T15:01:33","guid":{"rendered":"https:\/\/www.macquero.com\/?p=19381"},"modified":"2023-04-10T10:04:36","modified_gmt":"2023-04-10T15:04:36","slug":"apple-no-instalara-ios-17-en-estos-dispositivos","status":"publish","type":"post","link":"https:\/\/www.macquero.com\/en\/2023\/04\/apple-no-instalara-ios-17-en-estos-dispositivos\/","title":{"rendered":"Apple no instalar\u00e1 iOS 17 en estos dispositivos."},"content":{"rendered":"<p id=\"m97-96-98\">La Conferencia Mundial de Desarrolladores (WWDC) de Apple de este a\u00f1o se celebrar\u00e1&nbsp;entre el 5 y el 9 de junio. En el evento, se espera que la compa\u00f1\u00eda presente&nbsp;<strong>iOS 17, watchOS 10, iPadOS 17 y macOS 14.<\/strong><\/p>\n\n\n\n<p id=\"m102-101-103\">La &#8216;bienvenida&#8217; a las novedades que traer\u00e1 la marca&nbsp;supondr\u00e1 decir &#8216;adi\u00f3s&#8217; a&nbsp;dispositivos&nbsp;que quedar\u00e1n obsoletos.&nbsp;Seg\u00fan un informe, los nuevos softwares de iPhone y iPad podr\u00edan no ser compatibles con los m\u00f3viles y tablets que se lanzaron entre noviembre de 2015 y noviembre de 2017.<\/p>\n\n\n\n<p id=\"m142-141-143\">Los datos del documento implicar\u00edan que los sistemas operativos de&nbsp;Apple&nbsp;no podr\u00e1n actualizarse en i<strong>Phone 8, iPhone 8 Plus y iPhone X<\/strong>&nbsp;ni en&nbsp;<strong>iPad Pro de primera generaci\u00f3n de 9,7 y 12,9 pulgadas y iPad de quinta generaci\u00f3n.<\/strong><\/p>\n\n\n\n<p id=\"m147-146-148\">Habr\u00e1n excepciones de dispositivos que se comenzaron a comercializar entre las fechas vetadas, por ejemplo como los<strong>&nbsp;iPad de sexta y s\u00e9ptima generaci\u00f3n<\/strong>, con el chip A10 Fusion; y&nbsp;<strong>el iPad Pro de segunda generaci\u00f3n de 10,5 y 12,9 pulgadas<\/strong>, con A10X Fusion.<\/p>","protected":false},"excerpt":{"rendered":"<p>La Conferencia Mundial de Desarrolladores (WWDC) de Apple de este a\u00f1o se celebrar\u00e1&nbsp;entre el 5 y el 9 de junio. En el evento, se espera que la compa\u00f1\u00eda presente&nbsp;iOS 17, watchOS 10, iPadOS 17 y macOS 14. La &#8216;bienvenida&#8217; a las novedades que traer\u00e1 la marca&nbsp;supondr\u00e1 decir &#8216;adi\u00f3s&#8217; a&nbsp;dispositivos&nbsp;que quedar\u00e1n obsoletos.&nbsp;Seg\u00fan un informe, los nuevos &hellip;<\/p>","protected":false},"author":2,"featured_media":19384,"comment_status":"closed","ping_status":"closed","sticky":false,"template":"","format":"standard","meta":{"jetpack_post_was_ever_published":false,"_jetpack_newsletter_access":"","_jetpack_dont_email_post_to_subs":false,"_jetpack_newsletter_tier_id":0,"_jetpack_memberships_contains_paywalled_content":false,"_jetpack_memberships_contains_paid_content":false,"footnotes":"","jetpack_publicize_message":"","jetpack_publicize_feature_enabled":true,"jetpack_social_post_already_shared":true,"jetpack_social_options":{"image_generator_settings":{"template":"highway","default_image_id":0,"font":"","enabled":false},"version":2}},"categories":[5],"tags":[286],"class_list":["post-19381","post","type-post","status-publish","format-standard","has-post-thumbnail","hentry","category-apple","tag-novedades"],"jetpack_publicize_connections":[],"jetpack_featured_media_url":"https:\/\/www.macquero.com\/wp-content\/uploads\/2023\/04\/pp2.jpg","jetpack_sharing_enabled":true,"_links":{"self":[{"href":"https:\/\/www.macquero.com\/en\/wp-json\/wp\/v2\/posts\/19381","targetHints":{"allow":["GET"]}}],"collection":[{"href":"https:\/\/www.macquero.com\/en\/wp-json\/wp\/v2\/posts"}],"about":[{"href":"https:\/\/www.macquero.com\/en\/wp-json\/wp\/v2\/types\/post"}],"author":[{"embeddable":true,"href":"https:\/\/www.macquero.com\/en\/wp-json\/wp\/v2\/users\/2"}],"replies":[{"embeddable":true,"href":"https:\/\/www.macquero.com\/en\/wp-json\/wp\/v2\/comments?post=19381"}],"version-history":[{"count":2,"href":"https:\/\/www.macquero.com\/en\/wp-json\/wp\/v2\/posts\/19381\/revisions"}],"predecessor-version":[{"id":19385,"href":"https:\/\/www.macquero.com\/en\/wp-json\/wp\/v2\/posts\/19381\/revisions\/19385"}],"wp:featuredmedia":[{"embeddable":true,"href":"https:\/\/www.macquero.com\/en\/wp-json\/wp\/v2\/media\/19384"}],"wp:attachment":[{"href":"https:\/\/www.macquero.com\/en\/wp-json\/wp\/v2\/media?parent=19381"}],"wp:term":[{"taxonomy":"category","embeddable":true,"href":"https:\/\/www.macquero.com\/en\/wp-json\/wp\/v2\/categories?post=19381"},{"taxonomy":"post_tag","embeddable":true,"href":"https:\/\/www.macquero.com\/en\/wp-json\/wp\/v2\/tags?post=19381"}],"curies":[{"name":"wp","href":"https:\/\/api.w.org\/{rel}","templated":true}]}}