{"id":19349,"date":"2023-04-03T08:16:29","date_gmt":"2023-04-03T13:16:29","guid":{"rendered":"https:\/\/www.macquero.com\/?p=19349"},"modified":"2023-04-03T08:16:46","modified_gmt":"2023-04-03T13:16:46","slug":"el-proximo-apple-watch-ofrecera-importantes-cambios","status":"publish","type":"post","link":"https:\/\/www.macquero.com\/en\/2023\/04\/el-proximo-apple-watch-ofrecera-importantes-cambios\/","title":{"rendered":"El pr\u00f3ximo Apple Watch podr\u00eda ofrecer importantes cambios."},"content":{"rendered":"<p id=\"m102-101-103\">Apple ha adelantado que la WWDC23 estar\u00e1 repleta de noticias sobre lo \u00faltimo en desarrollo para\u00a0iOS, iPadOS, macOS, watchOS y tvOS, por lo que abarcar\u00e1 bastantes aspectos. <\/p>\n\n\n\n<p id=\"m102-101-103\">Uno de los \u00faltimos rumores est\u00e1 relacionado con el sistema operativo watchOS de los Apple Watch. <\/p>\n\n\n\n<p id=\"m102-101-103\">Mark Gurman se\u00f1ala en su\u00a0<a rel=\"noreferrer noopener\" href=\"https:\/\/www.bloomberg.com\/news\/newsletters\/2023-04-02\/when-is-apple-aapl-announcing-its-mixed-reality-headset-june-5-at-wwdc-2023-lfzggfhe\" target=\"_blank\">bolet\u00edn P<em>ower <\/em>On<\/a>\u00a0que la novedad incluir\u00eda un\u00a0<strong>cambio radical en la interfaz<\/strong>, debido a que el nuevo watchOS deber\u00eda ser una actualizaci\u00f3n bastante extensa, con cambios notables en la interfaz de usuario, a diferencia de iOS 17; ya que es importante que watchOS tenga un gran a\u00f1o.<\/p>\n\n\n\n<p id=\"m147-146-148\">En base a esta afirmaci\u00f3n han surgido rumores de que los\u00a0smatwatch\u00a0tendr\u00edan una\u00a0<strong>pantalla micro-LED<\/strong>\u00a0y\u00a0<strong>nuevas funciones de salud<\/strong>, sin embargo, habr\u00e1 que esperar hasta el pr\u00f3ximo 5 de junio para descubrir las novedades.<\/p>","protected":false},"excerpt":{"rendered":"<p>Apple ha adelantado que la WWDC23 estar\u00e1 repleta de noticias sobre lo \u00faltimo en desarrollo para\u00a0iOS, iPadOS, macOS, watchOS y tvOS, por lo que abarcar\u00e1 bastantes aspectos. Uno de los \u00faltimos rumores est\u00e1 relacionado con el sistema operativo watchOS de los Apple Watch. Mark Gurman se\u00f1ala en su\u00a0bolet\u00edn Power On\u00a0que la novedad incluir\u00eda un\u00a0cambio radical &hellip;<\/p>","protected":false},"author":2,"featured_media":19350,"comment_status":"closed","ping_status":"closed","sticky":false,"template":"","format":"standard","meta":{"jetpack_post_was_ever_published":false,"_jetpack_newsletter_access":"","_jetpack_dont_email_post_to_subs":false,"_jetpack_newsletter_tier_id":0,"_jetpack_memberships_contains_paywalled_content":false,"_jetpack_memberships_contains_paid_content":false,"footnotes":"","jetpack_publicize_message":"","jetpack_publicize_feature_enabled":true,"jetpack_social_post_already_shared":true,"jetpack_social_options":{"image_generator_settings":{"template":"highway","default_image_id":0,"font":"","enabled":false},"version":2}},"categories":[5,1054],"tags":[286],"class_list":["post-19349","post","type-post","status-publish","format-standard","has-post-thumbnail","hentry","category-apple","category-rumores","tag-novedades"],"jetpack_publicize_connections":[],"jetpack_featured_media_url":"https:\/\/www.macquero.com\/wp-content\/uploads\/2023\/04\/ew.jpg","jetpack_sharing_enabled":true,"_links":{"self":[{"href":"https:\/\/www.macquero.com\/en\/wp-json\/wp\/v2\/posts\/19349","targetHints":{"allow":["GET"]}}],"collection":[{"href":"https:\/\/www.macquero.com\/en\/wp-json\/wp\/v2\/posts"}],"about":[{"href":"https:\/\/www.macquero.com\/en\/wp-json\/wp\/v2\/types\/post"}],"author":[{"embeddable":true,"href":"https:\/\/www.macquero.com\/en\/wp-json\/wp\/v2\/users\/2"}],"replies":[{"embeddable":true,"href":"https:\/\/www.macquero.com\/en\/wp-json\/wp\/v2\/comments?post=19349"}],"version-history":[{"count":2,"href":"https:\/\/www.macquero.com\/en\/wp-json\/wp\/v2\/posts\/19349\/revisions"}],"predecessor-version":[{"id":19352,"href":"https:\/\/www.macquero.com\/en\/wp-json\/wp\/v2\/posts\/19349\/revisions\/19352"}],"wp:featuredmedia":[{"embeddable":true,"href":"https:\/\/www.macquero.com\/en\/wp-json\/wp\/v2\/media\/19350"}],"wp:attachment":[{"href":"https:\/\/www.macquero.com\/en\/wp-json\/wp\/v2\/media?parent=19349"}],"wp:term":[{"taxonomy":"category","embeddable":true,"href":"https:\/\/www.macquero.com\/en\/wp-json\/wp\/v2\/categories?post=19349"},{"taxonomy":"post_tag","embeddable":true,"href":"https:\/\/www.macquero.com\/en\/wp-json\/wp\/v2\/tags?post=19349"}],"curies":[{"name":"wp","href":"https:\/\/api.w.org\/{rel}","templated":true}]}}