{"id":19330,"date":"2023-03-30T00:20:00","date_gmt":"2023-03-30T06:20:00","guid":{"rendered":"https:\/\/www.macquero.com\/?p=19330"},"modified":"2023-03-28T05:39:10","modified_gmt":"2023-03-28T11:39:10","slug":"apple-muestra-sus-esperados-lentes-de-realidad-mixta-a-sus-directivos","status":"publish","type":"post","link":"https:\/\/www.macquero.com\/en\/2023\/03\/apple-muestra-sus-esperados-lentes-de-realidad-mixta-a-sus-directivos\/","title":{"rendered":"Apple muestra sus esperados lentes de realidad mixta a sus directivos."},"content":{"rendered":"<p id=\"m97-96-98\">Hace poco, supimos que Tim Cook, CEO de la empresa, <a href=\"https:\/\/www.macquero.com\/en\/2023\/03\/tim-cook-presiona-para-que-los-lentes-vr-de-apple-salgan-en-2023-pese-a-la-advertencia-de-no-estar-listas\/\" data-type=\"URL\" data-id=\"https:\/\/www.macquero.com\/2023\/03\/tim-cook-presiona-para-que-los-lentes-vr-de-apple-salgan-en-2023-pese-a-la-advertencia-de-no-estar-listas\/\" target=\"_blank\" rel=\"noreferrer noopener\">presionaba<\/a> a sus ingenieros para intentar tenerlas listas antes de que terminase el a\u00f1o. Ahora, el analista&nbsp;<a rel=\"noreferrer noopener\" href=\"https:\/\/www.bloomberg.com\/news\/newsletters\/2023-03-26\/apple-reality-headset-details-pro-features-top-100-meeting-watch-like-start-lfpgdgdb\" target=\"_blank\">de Bloomberg<\/a>&nbsp;Mark Gurman se\u00f1ala que&nbsp;los 100 principales directivos de la firma se han reunido para ver c\u00f3mo funciona.<\/p>\n\n\n\n<p id=\"m102-101-103\">Los ejecutivos de alto rango se dirigieron al Teatro Steve Jobs (Cupertino, California) para una demostraci\u00f3n de sus capacidades.<\/p>\n\n\n\n<p id=\"m142-141-143\">Los rumores de varios analistas invitan a pensar que los lentes de realidad mixta costar\u00e1n&nbsp;<strong>aproximadamente 3.000 d\u00f3lares.&nbsp;<\/strong>Un precio elevado si tenemos en cuenta que el dispositivo cuenta con un importante n\u00famero de defectos:<\/p>\n\n\n\n<ul class=\"wp-block-list\"><li>Se desconoce qu\u00e9&nbsp;enfoque de uso&nbsp;quieren darle.&nbsp;<\/li><li>Necesitar\u00e1 una&nbsp;bater\u00eda externa&nbsp;que se agota cada dos horas.&nbsp;<\/li><li>Algunos expertos en el campo tecnol\u00f3gico apuntan que el aparato&nbsp;no es c\u00f3modo.<\/li><\/ul>\n\n\n\n<p id=\"m191-190-192\">La realidad mixta por la que se caracteriza el&nbsp;dispositivo&nbsp;mezcla la realidad aumentada con la virtual, un mercado todav\u00eda muy inexplorado e innovador por las marcas. Eso supone un riesgo para Apple, pero, de salir bien, podr\u00eda ser uno de los aparatos clave de la marca, junto<strong>&nbsp;a los Mac, los iPhone, los Apple Watch, los iPad, y los extintos iPod.<\/strong><\/p>","protected":false},"excerpt":{"rendered":"<p>Hace poco, supimos que Tim Cook, CEO de la empresa, presionaba a sus ingenieros para intentar tenerlas listas antes de que terminase el a\u00f1o. Ahora, el analista&nbsp;de Bloomberg&nbsp;Mark Gurman se\u00f1ala que&nbsp;los 100 principales directivos de la firma se han reunido para ver c\u00f3mo funciona. Los ejecutivos de alto rango se dirigieron al Teatro Steve Jobs &hellip;<\/p>","protected":false},"author":2,"featured_media":19334,"comment_status":"open","ping_status":"closed","sticky":false,"template":"","format":"standard","meta":{"jetpack_post_was_ever_published":false,"_jetpack_newsletter_access":"","_jetpack_dont_email_post_to_subs":false,"_jetpack_newsletter_tier_id":0,"_jetpack_memberships_contains_paywalled_content":false,"_jetpack_memberships_contains_paid_content":false,"footnotes":"","jetpack_publicize_message":"","jetpack_publicize_feature_enabled":true,"jetpack_social_post_already_shared":true,"jetpack_social_options":{"image_generator_settings":{"template":"highway","default_image_id":0,"font":"","enabled":false},"version":2}},"categories":[5,1054],"tags":[1048,1196],"class_list":["post-19330","post","type-post","status-publish","format-standard","has-post-thumbnail","hentry","category-apple","category-rumores","tag-noticias","tag-realidad-mixta"],"jetpack_publicize_connections":[],"jetpack_featured_media_url":"https:\/\/www.macquero.com\/wp-content\/uploads\/2023\/03\/pp2.jpg","jetpack_sharing_enabled":true,"_links":{"self":[{"href":"https:\/\/www.macquero.com\/en\/wp-json\/wp\/v2\/posts\/19330","targetHints":{"allow":["GET"]}}],"collection":[{"href":"https:\/\/www.macquero.com\/en\/wp-json\/wp\/v2\/posts"}],"about":[{"href":"https:\/\/www.macquero.com\/en\/wp-json\/wp\/v2\/types\/post"}],"author":[{"embeddable":true,"href":"https:\/\/www.macquero.com\/en\/wp-json\/wp\/v2\/users\/2"}],"replies":[{"embeddable":true,"href":"https:\/\/www.macquero.com\/en\/wp-json\/wp\/v2\/comments?post=19330"}],"version-history":[{"count":2,"href":"https:\/\/www.macquero.com\/en\/wp-json\/wp\/v2\/posts\/19330\/revisions"}],"predecessor-version":[{"id":19335,"href":"https:\/\/www.macquero.com\/en\/wp-json\/wp\/v2\/posts\/19330\/revisions\/19335"}],"wp:featuredmedia":[{"embeddable":true,"href":"https:\/\/www.macquero.com\/en\/wp-json\/wp\/v2\/media\/19334"}],"wp:attachment":[{"href":"https:\/\/www.macquero.com\/en\/wp-json\/wp\/v2\/media?parent=19330"}],"wp:term":[{"taxonomy":"category","embeddable":true,"href":"https:\/\/www.macquero.com\/en\/wp-json\/wp\/v2\/categories?post=19330"},{"taxonomy":"post_tag","embeddable":true,"href":"https:\/\/www.macquero.com\/en\/wp-json\/wp\/v2\/tags?post=19330"}],"curies":[{"name":"wp","href":"https:\/\/api.w.org\/{rel}","templated":true}]}}