{"id":19246,"date":"2023-03-15T08:33:58","date_gmt":"2023-03-15T14:33:58","guid":{"rendered":"https:\/\/www.macquero.com\/?p=19246"},"modified":"2023-03-15T08:34:36","modified_gmt":"2023-03-15T14:34:36","slug":"tim-cook-presiona-para-que-los-lentes-vr-de-apple-salgan-en-2023-pese-a-la-advertencia-de-no-estar-listas","status":"publish","type":"post","link":"https:\/\/www.macquero.com\/en\/2023\/03\/tim-cook-presiona-para-que-los-lentes-vr-de-apple-salgan-en-2023-pese-a-la-advertencia-de-no-estar-listas\/","title":{"rendered":"Tim Cook presiona para que los lentes VR de Apple salgan en 2023, pese a la advertencia de no estar listas."},"content":{"rendered":"<p id=\"m97-96-98\">Los \u00faltimos rumores sobre las novedades que Apple nos tiene preparados para este a\u00f1o apuntan a que podr\u00edamos ver\u00a0<strong>un dispositivo de auriculares de realidad mixta de primera generaci\u00f3n\u00a0<\/strong>con el logo de la empresa.<a rel=\"noreferrer noopener\" href=\"https:\/\/www.ft.com\/content\/86b99549-0648-4c23-ab6e-642a4ba51dff\" target=\"_blank\">\u00a0Seg\u00fan ha informado Financial Times<\/a>, la decisi\u00f3n ha sido complicada dentro de la marca, pero el CEO de la firma, Tim Cook, se ha puesto de acuerdo con el jefe de operaciones, Jeff Williams, para que el lanzamiento se efect\u00fae en los pr\u00f3ximos meses.<\/p>\n\n\n\n<p id=\"m102-101-103\">La raz\u00f3n de la indecisi\u00f3n inicial se debe a que\u00a0<strong>los encargados de dise\u00f1o industrial consideran que el aparato no est\u00e1 listo para sacarlo al mercado.<\/strong>\u00a0Estos abogaban por retrasar su lanzamiento hasta que lanzasen un producto ligero de gafas de Realidad Aumentada, pero el equipo de operaciones quer\u00eda una versi\u00f3n temprana en forma de un visor parecido a unos lentes de esquiar.<\/p>\n\n\n\n<p id=\"m142-141-143\">Frente a esta discusi\u00f3n entre dos grupos de\u00a0Apple, Cook opt\u00f3 por ponerse de parte del segundo y exigi\u00f3 para que se trabajase en un lanzamiento temprano, aunque sea con ciertas limitaciones. Un ex ingeniero que trabaj\u00f3 en el producto se\u00f1al\u00f3 en Financial Times que\u00a0<strong>en Apple hab\u00eda una &#8220;enorme presi\u00f3n para enviar&#8221;.<\/strong><\/p>\n\n\n\n<p id=\"m186-185-187\">El dispositivo que presentar\u00e1n estar\u00e1 enfocado en la realidad virtual y permitir\u00e1 que los usuarios&nbsp;<strong>puedan ver v\u00eddeos en 3D, llevar a cabo ejercicios interactivos y realizar llamadas por FaceTime con avatares.<\/strong>&nbsp;Seg\u00fan los informes, los auriculares con realidad mixta llevan en desarrollo activo desde hace siete a\u00f1os.<\/p>\n\n\n\n<p id=\"m191-190-192\">La compa\u00f1\u00eda espera lanzar el producto por\u00a0<strong>alrededor de 3.000 d\u00f3lares<\/strong>\u00a0y estima que vender\u00e1n cerca de un mill\u00f3n de unidades en su primer a\u00f1o. Seg\u00fan Financial Times, para ello, est\u00e1n preparando un &#8220;bombardeo de marketing&#8221; en los \u00faltimos meses de 2023.<\/p>","protected":false},"excerpt":{"rendered":"<p>Los \u00faltimos rumores sobre las novedades que Apple nos tiene preparados para este a\u00f1o apuntan a que podr\u00edamos ver\u00a0un dispositivo de auriculares de realidad mixta de primera generaci\u00f3n\u00a0con el logo de la empresa.\u00a0Seg\u00fan ha informado Financial Times, la decisi\u00f3n ha sido complicada dentro de la marca, pero el CEO de la firma, Tim Cook, se &hellip;<\/p>","protected":false},"author":2,"featured_media":19247,"comment_status":"closed","ping_status":"closed","sticky":false,"template":"","format":"standard","meta":{"jetpack_post_was_ever_published":false,"_jetpack_newsletter_access":"","_jetpack_dont_email_post_to_subs":false,"_jetpack_newsletter_tier_id":0,"_jetpack_memberships_contains_paywalled_content":false,"_jetpack_memberships_contains_paid_content":false,"footnotes":"","jetpack_publicize_message":"","jetpack_publicize_feature_enabled":true,"jetpack_social_post_already_shared":true,"jetpack_social_options":{"image_generator_settings":{"template":"highway","default_image_id":0,"font":"","enabled":false},"version":2}},"categories":[5,1054],"tags":[1187],"class_list":["post-19246","post","type-post","status-publish","format-standard","has-post-thumbnail","hentry","category-apple","category-rumores","tag-rv"],"jetpack_publicize_connections":[],"jetpack_featured_media_url":"https:\/\/www.macquero.com\/wp-content\/uploads\/2023\/03\/rv-scaled.jpg","jetpack_sharing_enabled":true,"_links":{"self":[{"href":"https:\/\/www.macquero.com\/en\/wp-json\/wp\/v2\/posts\/19246","targetHints":{"allow":["GET"]}}],"collection":[{"href":"https:\/\/www.macquero.com\/en\/wp-json\/wp\/v2\/posts"}],"about":[{"href":"https:\/\/www.macquero.com\/en\/wp-json\/wp\/v2\/types\/post"}],"author":[{"embeddable":true,"href":"https:\/\/www.macquero.com\/en\/wp-json\/wp\/v2\/users\/2"}],"replies":[{"embeddable":true,"href":"https:\/\/www.macquero.com\/en\/wp-json\/wp\/v2\/comments?post=19246"}],"version-history":[{"count":2,"href":"https:\/\/www.macquero.com\/en\/wp-json\/wp\/v2\/posts\/19246\/revisions"}],"predecessor-version":[{"id":19249,"href":"https:\/\/www.macquero.com\/en\/wp-json\/wp\/v2\/posts\/19246\/revisions\/19249"}],"wp:featuredmedia":[{"embeddable":true,"href":"https:\/\/www.macquero.com\/en\/wp-json\/wp\/v2\/media\/19247"}],"wp:attachment":[{"href":"https:\/\/www.macquero.com\/en\/wp-json\/wp\/v2\/media?parent=19246"}],"wp:term":[{"taxonomy":"category","embeddable":true,"href":"https:\/\/www.macquero.com\/en\/wp-json\/wp\/v2\/categories?post=19246"},{"taxonomy":"post_tag","embeddable":true,"href":"https:\/\/www.macquero.com\/en\/wp-json\/wp\/v2\/tags?post=19246"}],"curies":[{"name":"wp","href":"https:\/\/api.w.org\/{rel}","templated":true}]}}