{"id":19234,"date":"2023-03-13T09:02:17","date_gmt":"2023-03-13T15:02:17","guid":{"rendered":"https:\/\/www.macquero.com\/?p=19234"},"modified":"2023-03-13T09:02:20","modified_gmt":"2023-03-13T15:02:20","slug":"la-nueva-generacion-de-homepod-el-altavoz-inteligente-de-apple-puede-que-lleve-pantalla-en-el-futuro","status":"publish","type":"post","link":"https:\/\/www.macquero.com\/en\/2023\/03\/la-nueva-generacion-de-homepod-el-altavoz-inteligente-de-apple-puede-que-lleve-pantalla-en-el-futuro\/","title":{"rendered":"La nueva generaci\u00f3n de HomePod, el altavoz inteligente de Apple, puede que lleve pantalla en el futuro."},"content":{"rendered":"<p>Apple\u00a0present\u00f3 el HomePod de 2\u00aa generaci\u00f3n en enero de este a\u00f1o con un audio renovado computacional para lograr una experiencia ac\u00fastica innovadora, pero actualmente, la empresa ha anunciado que podr\u00eda desarrollar un nuevo\u00a0<strong>HomePod con pantalla<\/strong>.<\/p>\n\n\n\n<p id=\"m102-101-103\">El analista Ming-Chi Kuo&nbsp;<a href=\"https:\/\/medium.com\/@mingchikuo\/%E5%A4%A9%E9%A6%AC%E9%A6%96%E5%BA%A6%E6%89%93%E5%85%A5apple%E4%BE%9B%E6%87%89%E9%8F%88-%E7%82%BAapple%E5%86%8D%E9%80%A0%E6%99%BA%E8%83%BD%E5%AE%B6%E5%BA%AD%E7%AD%96%E7%95%A5%E7%9A%84%E6%96%B0%E5%8F%97%E7%9B%8A%E8%80%85-tianma-is-set-to-debut-in-apples-supply-chain-becoming-a-new-a3447d3e0fb9\" target=\"_blank\" rel=\"noreferrer noopener\">informa&nbsp;<\/a>que el producto electr\u00f3nico tendr\u00e1 una pantalla de&nbsp;<strong>siete pulgadas<\/strong>&nbsp;suministrada por la empresa china Tianma Microelectronics, se presentar\u00e1 en el&nbsp;<strong>primer semestre de 2024<\/strong>&nbsp;y podr\u00eda encabezar la renovaci\u00f3n del cat\u00e1logo de audio.<\/p>\n\n\n\n<p id=\"m107-106-108\">Kuo indica que el nuevo HomePod &#8220;permitir\u00eda una integraci\u00f3n m\u00e1s estrecha con otros productos de hardware de Apple, marcando un cambio significativo en la estrategia de hogar inteligente de la compa\u00f1\u00eda&#8221;. Esta afirmaci\u00f3n quiere decir que el\u00a0gadget\u00a0<strong>funcionar\u00eda como centro de control<\/strong>\u00a0para el hogar conectado.<\/p>\n\n\n\n<p id=\"m147-146-148\">Por otro lado, Apple podr\u00eda crear\u00a0<strong>un\u00a0<strong>dispositivo<\/strong>\u00a0que combina la funcionalidad del iPad, Apple TV y HomePod<\/strong>. Esta innovaci\u00f3n ser\u00eda similar al Amazon Echo Show, es decir, una tablet conectada a un altavoz con una interfaz personalizada para interacciones r\u00e1pidas.<\/p>\n\n\n\n<p id=\"m152-151-153\"><a rel=\"noreferrer noopener\" href=\"https:\/\/9to5mac.com\/2023\/03\/09\/homepod-built-display-2024-rumor\/\" target=\"_blank\">9to5Mac\u00a0<\/a>se\u00f1ala que &#8220;no est\u00e1 claro en este momento si Kuo se refiere a este\u00a0<strong>dispositivo todo en uno<\/strong>\u00a0o si Apple simplemente planea agregar una pantalla normal al factor de forma actual de HomePod&#8221;<\/p>","protected":false},"excerpt":{"rendered":"<p>Apple\u00a0present\u00f3 el HomePod de 2\u00aa generaci\u00f3n en enero de este a\u00f1o con un audio renovado computacional para lograr una experiencia ac\u00fastica innovadora, pero actualmente, la empresa ha anunciado que podr\u00eda desarrollar un nuevo\u00a0HomePod con pantalla. El analista Ming-Chi Kuo&nbsp;informa&nbsp;que el producto electr\u00f3nico tendr\u00e1 una pantalla de&nbsp;siete pulgadas&nbsp;suministrada por la empresa china Tianma Microelectronics, se presentar\u00e1 &hellip;<\/p>","protected":false},"author":2,"featured_media":19235,"comment_status":"closed","ping_status":"closed","sticky":false,"template":"","format":"standard","meta":{"jetpack_post_was_ever_published":false,"_jetpack_newsletter_access":"","_jetpack_dont_email_post_to_subs":false,"_jetpack_newsletter_tier_id":0,"_jetpack_memberships_contains_paywalled_content":false,"_jetpack_memberships_contains_paid_content":false,"footnotes":"","jetpack_publicize_message":"","jetpack_publicize_feature_enabled":true,"jetpack_social_post_already_shared":true,"jetpack_social_options":{"image_generator_settings":{"template":"highway","default_image_id":0,"font":"","enabled":false},"version":2}},"categories":[5,1163,1054],"tags":[1074],"class_list":["post-19234","post","type-post","status-publish","format-standard","has-post-thumbnail","hentry","category-apple","category-homepod","category-rumores","tag-rumores"],"jetpack_publicize_connections":[],"jetpack_featured_media_url":"https:\/\/www.macquero.com\/wp-content\/uploads\/2023\/03\/Captura-de-pantalla-2023-03-13-a-las-11.23.45-a.-m..png","jetpack_sharing_enabled":true,"_links":{"self":[{"href":"https:\/\/www.macquero.com\/en\/wp-json\/wp\/v2\/posts\/19234","targetHints":{"allow":["GET"]}}],"collection":[{"href":"https:\/\/www.macquero.com\/en\/wp-json\/wp\/v2\/posts"}],"about":[{"href":"https:\/\/www.macquero.com\/en\/wp-json\/wp\/v2\/types\/post"}],"author":[{"embeddable":true,"href":"https:\/\/www.macquero.com\/en\/wp-json\/wp\/v2\/users\/2"}],"replies":[{"embeddable":true,"href":"https:\/\/www.macquero.com\/en\/wp-json\/wp\/v2\/comments?post=19234"}],"version-history":[{"count":1,"href":"https:\/\/www.macquero.com\/en\/wp-json\/wp\/v2\/posts\/19234\/revisions"}],"predecessor-version":[{"id":19236,"href":"https:\/\/www.macquero.com\/en\/wp-json\/wp\/v2\/posts\/19234\/revisions\/19236"}],"wp:featuredmedia":[{"embeddable":true,"href":"https:\/\/www.macquero.com\/en\/wp-json\/wp\/v2\/media\/19235"}],"wp:attachment":[{"href":"https:\/\/www.macquero.com\/en\/wp-json\/wp\/v2\/media?parent=19234"}],"wp:term":[{"taxonomy":"category","embeddable":true,"href":"https:\/\/www.macquero.com\/en\/wp-json\/wp\/v2\/categories?post=19234"},{"taxonomy":"post_tag","embeddable":true,"href":"https:\/\/www.macquero.com\/en\/wp-json\/wp\/v2\/tags?post=19234"}],"curies":[{"name":"wp","href":"https:\/\/api.w.org\/{rel}","templated":true}]}}