{"id":19218,"date":"2023-03-08T00:20:00","date_gmt":"2023-03-08T06:20:00","guid":{"rendered":"https:\/\/www.macquero.com\/?p=19218"},"modified":"2023-03-07T04:14:15","modified_gmt":"2023-03-07T10:14:15","slug":"los-nuevos-productos-y-mas-potentes-que-apple-planea-lanzar-para-este-ano-2023","status":"publish","type":"post","link":"https:\/\/www.macquero.com\/en\/2023\/03\/los-nuevos-productos-y-mas-potentes-que-apple-planea-lanzar-para-este-ano-2023\/","title":{"rendered":"Los nuevos productos y m\u00e1s potentes que Apple planea lanzar para este a\u00f1o 2023."},"content":{"rendered":"<p id=\"m97-96-98\">Apple planea lanzar un iMac que estar\u00e1 equipado con una plataforma M3, un chip fabricado con un proceso de 3 nan\u00f3metros (nm), que previsiblemente llegar\u00e1 al mercado a finales de este a\u00f1o, seg\u00fan ha adelantado\u00a0<strong>Mark Gurman.<\/strong><\/p>\n\n\n\n<p id=\"m102-101-103\">El analista de Bloomberg ha explicado que el pr\u00f3ximo iMac est\u00e1 en &#8220;una etapa de desarrollo avanzada&#8221;\u00a0y que mantendr\u00e1 el mismo tama\u00f1o de pantalla de la generaci\u00f3n anterior, de\u00a024 pulgadas.<\/p>\n\n\n\n<p id=\"m184-183-185\">Adem\u00e1s de ser\u00a0<strong>m\u00e1s potentes\u00a0<\/strong>debido a la plataforma con la que est\u00e1n equipados, estas computadoras\u00a0mostrar\u00e1n algunos de sus componentes internos reubicados y redise\u00f1ados\u00a0ofreciendo cambios en su soporte.<\/p>\n\n\n\n<p id=\"m189-188-190\">El periodista tambi\u00e9n ha comentado que, a pesar de que estos modelos se encuentran en una etapa avanzada de desarrollo, no se espera el comienzo de su producci\u00f3n masiva hasta, al menos, dentro de tres meses. <\/p>\n\n\n\n<p>Junto con el nuevo iMac con chip M3, Apple planea adicionalmente lanzar nuevos port\u00e1tiles a finales de primavera y verano, entre los que se encontrar\u00edan su primer\u00a0<strong>MacBook Air de 15 pulgadas, el primer Mac Pro con chips de desarrollo propio\u00a0<\/strong>y una actualizaci\u00f3n del MacBook Air de 13 pulgadas.<\/p>","protected":false},"excerpt":{"rendered":"<p>Apple planea lanzar un iMac que estar\u00e1 equipado con una plataforma M3, un chip fabricado con un proceso de 3 nan\u00f3metros (nm), que previsiblemente llegar\u00e1 al mercado a finales de este a\u00f1o, seg\u00fan ha adelantado\u00a0Mark Gurman. El analista de Bloomberg ha explicado que el pr\u00f3ximo iMac est\u00e1 en &#8220;una etapa de desarrollo avanzada&#8221;\u00a0y que mantendr\u00e1 &hellip;<\/p>","protected":false},"author":2,"featured_media":19219,"comment_status":"closed","ping_status":"closed","sticky":false,"template":"","format":"standard","meta":{"jetpack_post_was_ever_published":false,"_jetpack_newsletter_access":"","_jetpack_dont_email_post_to_subs":false,"_jetpack_newsletter_tier_id":0,"_jetpack_memberships_contains_paywalled_content":false,"_jetpack_memberships_contains_paid_content":false,"footnotes":"","jetpack_publicize_message":"","jetpack_publicize_feature_enabled":true,"jetpack_social_post_already_shared":true,"jetpack_social_options":{"image_generator_settings":{"template":"highway","default_image_id":0,"font":"","enabled":false},"version":2}},"categories":[5,371],"tags":[1048],"class_list":["post-19218","post","type-post","status-publish","format-standard","has-post-thumbnail","hentry","category-apple","category-mac","tag-noticias"],"jetpack_publicize_connections":[],"jetpack_featured_media_url":"https:\/\/www.macquero.com\/wp-content\/uploads\/2023\/03\/pp.jpg","jetpack_sharing_enabled":true,"_links":{"self":[{"href":"https:\/\/www.macquero.com\/en\/wp-json\/wp\/v2\/posts\/19218","targetHints":{"allow":["GET"]}}],"collection":[{"href":"https:\/\/www.macquero.com\/en\/wp-json\/wp\/v2\/posts"}],"about":[{"href":"https:\/\/www.macquero.com\/en\/wp-json\/wp\/v2\/types\/post"}],"author":[{"embeddable":true,"href":"https:\/\/www.macquero.com\/en\/wp-json\/wp\/v2\/users\/2"}],"replies":[{"embeddable":true,"href":"https:\/\/www.macquero.com\/en\/wp-json\/wp\/v2\/comments?post=19218"}],"version-history":[{"count":1,"href":"https:\/\/www.macquero.com\/en\/wp-json\/wp\/v2\/posts\/19218\/revisions"}],"predecessor-version":[{"id":19220,"href":"https:\/\/www.macquero.com\/en\/wp-json\/wp\/v2\/posts\/19218\/revisions\/19220"}],"wp:featuredmedia":[{"embeddable":true,"href":"https:\/\/www.macquero.com\/en\/wp-json\/wp\/v2\/media\/19219"}],"wp:attachment":[{"href":"https:\/\/www.macquero.com\/en\/wp-json\/wp\/v2\/media?parent=19218"}],"wp:term":[{"taxonomy":"category","embeddable":true,"href":"https:\/\/www.macquero.com\/en\/wp-json\/wp\/v2\/categories?post=19218"},{"taxonomy":"post_tag","embeddable":true,"href":"https:\/\/www.macquero.com\/en\/wp-json\/wp\/v2\/tags?post=19218"}],"curies":[{"name":"wp","href":"https:\/\/api.w.org\/{rel}","templated":true}]}}