{"id":19005,"date":"2023-02-12T00:20:00","date_gmt":"2023-02-12T06:20:00","guid":{"rendered":"https:\/\/www.macquero.com\/?p=19005"},"modified":"2023-02-11T08:05:46","modified_gmt":"2023-02-11T14:05:46","slug":"los-nuevos-iphone-podrian-incluir-una-funcion-muy-interesante-cargarse-con-un-cargador-inalambrico-y-o-simultaneamente-entre-ellos","status":"publish","type":"post","link":"https:\/\/www.macquero.com\/en\/2023\/02\/los-nuevos-iphone-podrian-incluir-una-funcion-muy-interesante-cargarse-con-un-cargador-inalambrico-y-o-simultaneamente-entre-ellos\/","title":{"rendered":"Los nuevos iPhone podr\u00edan incluir una funci\u00f3n muy interesante: cargarse con un cargador inal\u00e1mbrico y\/o, simult\u00e1neamente, entre ellos."},"content":{"rendered":"<p>La compa\u00f1\u00eda valor\u00f3 la posibilidad de equipar a los iPhone 14 Pro y Pro Max con esta tecnolog\u00eda, pero todav\u00eda no estaba lista y fuentes an\u00f3nimas de la marca dicen que siguen trabajando en ello.&nbsp;Desde hace varios a\u00f1os, Apple est\u00e1 trabajando en tecnolog\u00eda de carga inal\u00e1mbrica inversa o bilateral para que sus m\u00f3viles&nbsp;<strong>puedan cargarse con un cargador inal\u00e1mbrico y, simult\u00e1neamente, entre ellos.<\/strong>&nbsp;La compa\u00f1\u00eda pensaba que estar\u00eda disponible para los iPhone 14 Pro y Pro Max,&nbsp;<a rel=\"noreferrer noopener\" href=\"https:\/\/9to5mac.com\/2023\/02\/06\/iphone-reverse-wireless-charging-feature\/\" target=\"_blank\">pero finalmente no sucedi\u00f3.<\/a><\/p>\n\n\n\n<p>Pese a no cumplir con el objetivo de tener lista dicha innovaci\u00f3n para oto\u00f1o del a\u00f1o pasado, la marca de la manzana sigue apostando por ella. Fuentes an\u00f3nimas de 9to5mac afirman que&nbsp;<strong>sus desarrolladores &#8220;esperan presentarla en un futuro iPhone&#8221;<\/strong>&nbsp;y que ser\u00e1 una&nbsp;<a href=\"https:\/\/www.20minutos.es\/tecnologia\/minuteca\/noticias-de-tecnologia\/\">tecnolog\u00eda<\/a>&nbsp;de carga inal\u00e1mbrica inversa &#8220;m\u00e1s avanzada&#8221;. <\/p>\n\n\n\n<blockquote class=\"wp-block-quote is-layout-flow wp-block-quote-is-layout-flow\"><p>No se extra\u00f1en si se presenta bajo el esquema de una versi\u00f3n <a rel=\"noreferrer noopener\" href=\"https:\/\/www.macquero.com\/en\/2023\/02\/apple-prepara-un-iphone-ultra-mas-caro-y-de-gama-mas-alta\/\" data-type=\"URL\" data-id=\"https:\/\/www.macquero.com\/2023\/02\/apple-prepara-un-iphone-ultra-mas-caro-y-de-gama-mas-alta\/\" target=\"_blank\">mejorada<\/a>. <\/p><\/blockquote>\n\n\n\n<p>No obstante los planes de los que han informado las fuentes an\u00f3nimas de 9to5mac&nbsp;<strong>podr\u00edan retrasarse, como por lo visto ya pas\u00f3, o terminar cancel\u00e1ndose.<\/strong>&nbsp;Sin embargo, parece que Apple est\u00e1 especialmente interesado en que esta tecnolog\u00eda finalmente florezca, puesto que est\u00e1 dise\u00f1ando una interfaz de usuario para explicar en qu\u00e9 consistir\u00e1 esta nueva carga inal\u00e1mbrica inversa, con animaciones y efectos de sonido.<\/p>","protected":false},"excerpt":{"rendered":"<p>La compa\u00f1\u00eda valor\u00f3 la posibilidad de equipar a los iPhone 14 Pro y Pro Max con esta tecnolog\u00eda, pero todav\u00eda no estaba lista y fuentes an\u00f3nimas de la marca dicen que siguen trabajando en ello.&nbsp;Desde hace varios a\u00f1os, Apple est\u00e1 trabajando en tecnolog\u00eda de carga inal\u00e1mbrica inversa o bilateral para que sus m\u00f3viles&nbsp;puedan cargarse con &hellip;<\/p>","protected":false},"author":2,"featured_media":19006,"comment_status":"closed","ping_status":"closed","sticky":false,"template":"","format":"standard","meta":{"jetpack_post_was_ever_published":false,"_jetpack_newsletter_access":"","_jetpack_dont_email_post_to_subs":false,"_jetpack_newsletter_tier_id":0,"_jetpack_memberships_contains_paywalled_content":false,"_jetpack_memberships_contains_paid_content":false,"footnotes":"","jetpack_publicize_message":"","jetpack_publicize_feature_enabled":true,"jetpack_social_post_already_shared":true,"jetpack_social_options":{"image_generator_settings":{"template":"highway","default_image_id":0,"font":"","enabled":false},"version":2}},"categories":[5,1054],"tags":[1074],"class_list":["post-19005","post","type-post","status-publish","format-standard","has-post-thumbnail","hentry","category-apple","category-rumores","tag-rumores"],"jetpack_publicize_connections":[],"jetpack_featured_media_url":"https:\/\/www.macquero.com\/wp-content\/uploads\/2023\/02\/ph.jpg","jetpack_sharing_enabled":true,"_links":{"self":[{"href":"https:\/\/www.macquero.com\/en\/wp-json\/wp\/v2\/posts\/19005","targetHints":{"allow":["GET"]}}],"collection":[{"href":"https:\/\/www.macquero.com\/en\/wp-json\/wp\/v2\/posts"}],"about":[{"href":"https:\/\/www.macquero.com\/en\/wp-json\/wp\/v2\/types\/post"}],"author":[{"embeddable":true,"href":"https:\/\/www.macquero.com\/en\/wp-json\/wp\/v2\/users\/2"}],"replies":[{"embeddable":true,"href":"https:\/\/www.macquero.com\/en\/wp-json\/wp\/v2\/comments?post=19005"}],"version-history":[{"count":2,"href":"https:\/\/www.macquero.com\/en\/wp-json\/wp\/v2\/posts\/19005\/revisions"}],"predecessor-version":[{"id":19008,"href":"https:\/\/www.macquero.com\/en\/wp-json\/wp\/v2\/posts\/19005\/revisions\/19008"}],"wp:featuredmedia":[{"embeddable":true,"href":"https:\/\/www.macquero.com\/en\/wp-json\/wp\/v2\/media\/19006"}],"wp:attachment":[{"href":"https:\/\/www.macquero.com\/en\/wp-json\/wp\/v2\/media?parent=19005"}],"wp:term":[{"taxonomy":"category","embeddable":true,"href":"https:\/\/www.macquero.com\/en\/wp-json\/wp\/v2\/categories?post=19005"},{"taxonomy":"post_tag","embeddable":true,"href":"https:\/\/www.macquero.com\/en\/wp-json\/wp\/v2\/tags?post=19005"}],"curies":[{"name":"wp","href":"https:\/\/api.w.org\/{rel}","templated":true}]}}