{"id":19002,"date":"2023-02-11T07:18:17","date_gmt":"2023-02-11T13:18:17","guid":{"rendered":"https:\/\/www.macquero.com\/?p=19002"},"modified":"2023-02-11T07:18:21","modified_gmt":"2023-02-11T13:18:21","slug":"el-amor-es-ciego-despues-del-altar-t3-love-is-blind-after-the-altar-season-3","status":"publish","type":"post","link":"https:\/\/www.macquero.com\/en\/2023\/02\/el-amor-es-ciego-despues-del-altar-t3-love-is-blind-after-the-altar-season-3\/","title":{"rendered":"El amor es ciego: Despu\u00e9s del altar. T3. &#8211; Love Is Blind: After the Altar Season 3."},"content":{"rendered":"<p>Puntuaci\u00f3n: &#x2b50;&#x2b50;&#x2b50;&#x2b50;&#x2b50;<\/p>\n\n\n\n<p>De cara al d\u00eda de los enamorados, llega este breve especial de 3 episodios. <\/p>\n\n\n\n<p>El amor es ciego: despu\u00e9s del altar\u00a0ha sido durante mucho tiempo una parte del espect\u00e1culo. Meses despu\u00e9s del lanzamiento de la temporada, Netflix se pone al d\u00eda con las parejas que dejaron las c\u00e1psulas con un compa\u00f1ero para ver c\u00f3mo est\u00e1n lidiando con su nueva relaci\u00f3n.<\/p>\n\n\n\n<p>Esta vez, podemos ver quienes siguen juntos y quienes se separaron. Est\u00e1 interesante por el tema &#8220;familiar&#8221; se ven algunos problemas, toca mirar c\u00f3mo se desenvuelven.  <\/p>\n\n\n\n<p>Recordemos que est\u00e1 temporada tuvo ciertos altibajos con algunas parejas, as\u00ed que va a estar un poquito m\u00e1s interesante que otras entregas.\u00a0<\/p>","protected":false},"excerpt":{"rendered":"<p>Puntuaci\u00f3n: &#x2b50;&#x2b50;&#x2b50;&#x2b50;&#x2b50; De cara al d\u00eda de los enamorados, llega este breve especial de 3 episodios. El amor es ciego: despu\u00e9s del altar\u00a0ha sido durante mucho tiempo una parte del espect\u00e1culo. Meses despu\u00e9s del lanzamiento de la temporada, Netflix se pone al d\u00eda con las parejas que dejaron las c\u00e1psulas con un compa\u00f1ero para ver &hellip;<\/p>","protected":false},"author":2,"featured_media":19003,"comment_status":"closed","ping_status":"closed","sticky":false,"template":"","format":"standard","meta":{"jetpack_post_was_ever_published":false,"_jetpack_newsletter_access":"","_jetpack_dont_email_post_to_subs":false,"_jetpack_newsletter_tier_id":0,"_jetpack_memberships_contains_paywalled_content":false,"_jetpack_memberships_contains_paid_content":false,"footnotes":"","jetpack_publicize_message":"","jetpack_publicize_feature_enabled":true,"jetpack_social_post_already_shared":true,"jetpack_social_options":{"image_generator_settings":{"template":"highway","default_image_id":0,"font":"","enabled":false},"version":2}},"categories":[1007],"tags":[884,378],"class_list":["post-19002","post","type-post","status-publish","format-standard","has-post-thumbnail","hentry","category-avances","tag-reality-tv-sobre-bodas-y-romance","tag-romance"],"jetpack_publicize_connections":[],"jetpack_featured_media_url":"https:\/\/www.macquero.com\/wp-content\/uploads\/2023\/02\/re.jpg","jetpack_sharing_enabled":true,"_links":{"self":[{"href":"https:\/\/www.macquero.com\/en\/wp-json\/wp\/v2\/posts\/19002","targetHints":{"allow":["GET"]}}],"collection":[{"href":"https:\/\/www.macquero.com\/en\/wp-json\/wp\/v2\/posts"}],"about":[{"href":"https:\/\/www.macquero.com\/en\/wp-json\/wp\/v2\/types\/post"}],"author":[{"embeddable":true,"href":"https:\/\/www.macquero.com\/en\/wp-json\/wp\/v2\/users\/2"}],"replies":[{"embeddable":true,"href":"https:\/\/www.macquero.com\/en\/wp-json\/wp\/v2\/comments?post=19002"}],"version-history":[{"count":1,"href":"https:\/\/www.macquero.com\/en\/wp-json\/wp\/v2\/posts\/19002\/revisions"}],"predecessor-version":[{"id":19004,"href":"https:\/\/www.macquero.com\/en\/wp-json\/wp\/v2\/posts\/19002\/revisions\/19004"}],"wp:featuredmedia":[{"embeddable":true,"href":"https:\/\/www.macquero.com\/en\/wp-json\/wp\/v2\/media\/19003"}],"wp:attachment":[{"href":"https:\/\/www.macquero.com\/en\/wp-json\/wp\/v2\/media?parent=19002"}],"wp:term":[{"taxonomy":"category","embeddable":true,"href":"https:\/\/www.macquero.com\/en\/wp-json\/wp\/v2\/categories?post=19002"},{"taxonomy":"post_tag","embeddable":true,"href":"https:\/\/www.macquero.com\/en\/wp-json\/wp\/v2\/tags?post=19002"}],"curies":[{"name":"wp","href":"https:\/\/api.w.org\/{rel}","templated":true}]}}