{"id":18993,"date":"2023-02-08T09:20:17","date_gmt":"2023-02-08T15:20:17","guid":{"rendered":"https:\/\/www.macquero.com\/?p=18993"},"modified":"2023-02-08T09:20:52","modified_gmt":"2023-02-08T15:20:52","slug":"apple-prepara-un-iphone-ultra-mas-caro-y-de-gama-mas-alta","status":"publish","type":"post","link":"https:\/\/www.macquero.com\/en\/2023\/02\/apple-prepara-un-iphone-ultra-mas-caro-y-de-gama-mas-alta\/","title":{"rendered":"Apple prepara un iPhone &#8216;Ultra&#8217;, m\u00e1s caro y de gama m\u00e1s alta."},"content":{"rendered":"<p>Apple estar\u00eda explorando la opci\u00f3n de lanzar un<strong>\u00a0iPhone de gama m\u00e1s alta con el nombre &#8216;Ultra&#8217;<\/strong>, que pretende sobrepasar los modelos iPhone Pro y Pro Max en calidad y precio, y que podr\u00eda llegar en 2024 con la nueva l\u00ednea de iPhone.<a href=\"https:\/\/www.msn.com\/es-mx\/noticias\/tecnologia\/apple-prepara-un-iphone-ultra-m%C3%A1s-caro-y-de-gama-m%C3%A1s-alta\/ar-AA17dZbY?ocid=smtlch&amp;fullscreen=true#image=1\"><\/a><\/p>\n\n\n\n<p>El presidente de la compa\u00f1\u00eda estadounidense, Tim Cook, manifest\u00f3 en la \u00faltima llamada de ganancias de la compa\u00f1\u00eda que&nbsp;<strong>el aumento de precio en sus dispositivos &#8220;no es problema&#8221;&nbsp;<\/strong>y que, de hecho, se podr\u00eda persuadir a los consumidores para que gasten m\u00e1s, seg\u00fan ha recordado Bloomberg.<\/p>\n\n\n\n<blockquote class=\"wp-block-quote is-layout-flow wp-block-quote-is-layout-flow\"><p><strong>&#8220;Creo que las personas est\u00e1n dispuestas a esforzarse mucho para obtener lo mejor que pueden pagar en esa categor\u00eda&#8221;,<\/strong>\u00a0se\u00f1al\u00f3 Cook, al tiempo que subray\u00f3 que el iPhone se ha vuelto &#8220;parte integral&#8221; de la vida de las personas. <\/p><\/blockquote>\n\n\n\n<p>As\u00ed, el CEO de Apple hizo referencia a que los usuarios valoran que el iPhone recoja partes importantes de su vida como sus contactos, su informaci\u00f3n de salud, su informaci\u00f3n bancaria y el control del hogar inteligente, entre otras cosas.<\/p>\n\n\n\n<p>En este marco, la compa\u00f1\u00eda ha planteado internamente agregar un nuevo modelo de iPhone de gama alta y&nbsp;<strong>coronarlo como el m\u00e1s potente,<\/strong>&nbsp;seg\u00fan ha recogido el periodista de Bloomberg Mark Gurman. Se tratar\u00eda de un iPhone &#8216;Ultra&#8217; que se situar\u00eda por encima de los modelos Pro y Pro Max y que &#8220;posiblemente&#8221; estar\u00e1 a tiempo para el lanzamiento de iPhone en 2024.<\/p>\n\n\n\n<p>Seg\u00fan <a href=\"https:\/\/twitter.com\/markgurman\" data-type=\"URL\" data-id=\"https:\/\/twitter.com\/markgurman\" target=\"_blank\" rel=\"noreferrer noopener\">Gurman<\/a>, este nuevo modelo conllevar\u00eda un incremento de precios y, aunque, no ha especificado con detalle en qu\u00e9 caracter\u00edsticas se diferenciar\u00eda este modelo &#8216;Ultra&#8217;, probablemente tendr\u00eda que ver con mejoras en la c\u00e1mara, en la potencia del chip y &#8220;quiz\u00e1 una pantalla a\u00fan m\u00e1s grande&#8221;.<\/p>","protected":false},"excerpt":{"rendered":"<p>Apple estar\u00eda explorando la opci\u00f3n de lanzar un\u00a0iPhone de gama m\u00e1s alta con el nombre &#8216;Ultra&#8217;, que pretende sobrepasar los modelos iPhone Pro y Pro Max en calidad y precio, y que podr\u00eda llegar en 2024 con la nueva l\u00ednea de iPhone. El presidente de la compa\u00f1\u00eda estadounidense, Tim Cook, manifest\u00f3 en la \u00faltima llamada &hellip;<\/p>","protected":false},"author":2,"featured_media":18994,"comment_status":"closed","ping_status":"closed","sticky":false,"template":"","format":"standard","meta":{"jetpack_post_was_ever_published":false,"_jetpack_newsletter_access":"","_jetpack_dont_email_post_to_subs":false,"_jetpack_newsletter_tier_id":0,"_jetpack_memberships_contains_paywalled_content":false,"_jetpack_memberships_contains_paid_content":false,"footnotes":"","jetpack_publicize_message":"","jetpack_publicize_feature_enabled":true,"jetpack_social_post_already_shared":true,"jetpack_social_options":{"image_generator_settings":{"template":"highway","default_image_id":0,"font":"","enabled":false},"version":2}},"categories":[5,1054],"tags":[286],"class_list":["post-18993","post","type-post","status-publish","format-standard","has-post-thumbnail","hentry","category-apple","category-rumores","tag-novedades"],"jetpack_publicize_connections":[],"jetpack_featured_media_url":"https:\/\/www.macquero.com\/wp-content\/uploads\/2023\/02\/pp.jpg","jetpack_sharing_enabled":true,"_links":{"self":[{"href":"https:\/\/www.macquero.com\/en\/wp-json\/wp\/v2\/posts\/18993","targetHints":{"allow":["GET"]}}],"collection":[{"href":"https:\/\/www.macquero.com\/en\/wp-json\/wp\/v2\/posts"}],"about":[{"href":"https:\/\/www.macquero.com\/en\/wp-json\/wp\/v2\/types\/post"}],"author":[{"embeddable":true,"href":"https:\/\/www.macquero.com\/en\/wp-json\/wp\/v2\/users\/2"}],"replies":[{"embeddable":true,"href":"https:\/\/www.macquero.com\/en\/wp-json\/wp\/v2\/comments?post=18993"}],"version-history":[{"count":1,"href":"https:\/\/www.macquero.com\/en\/wp-json\/wp\/v2\/posts\/18993\/revisions"}],"predecessor-version":[{"id":18995,"href":"https:\/\/www.macquero.com\/en\/wp-json\/wp\/v2\/posts\/18993\/revisions\/18995"}],"wp:featuredmedia":[{"embeddable":true,"href":"https:\/\/www.macquero.com\/en\/wp-json\/wp\/v2\/media\/18994"}],"wp:attachment":[{"href":"https:\/\/www.macquero.com\/en\/wp-json\/wp\/v2\/media?parent=18993"}],"wp:term":[{"taxonomy":"category","embeddable":true,"href":"https:\/\/www.macquero.com\/en\/wp-json\/wp\/v2\/categories?post=18993"},{"taxonomy":"post_tag","embeddable":true,"href":"https:\/\/www.macquero.com\/en\/wp-json\/wp\/v2\/tags?post=18993"}],"curies":[{"name":"wp","href":"https:\/\/api.w.org\/{rel}","templated":true}]}}