{"id":18990,"date":"2023-02-07T05:10:53","date_gmt":"2023-02-07T11:10:53","guid":{"rendered":"https:\/\/www.macquero.com\/?p=18990"},"modified":"2023-02-07T05:11:27","modified_gmt":"2023-02-07T11:11:27","slug":"red-social-the-social-network","status":"publish","type":"post","link":"https:\/\/www.macquero.com\/en\/2023\/02\/red-social-the-social-network\/","title":{"rendered":"Red social. &#8211; The Social Network."},"content":{"rendered":"<p>Puntuaci\u00f3n: &#x2b50;&#x2b50;&#x2b50;&#x2b50;<\/p>\n\n\n\n<p>Nuestra siguiente recomendaci\u00f3n forma parte de &#8220;esos&#8221; estrenos de pel\u00edculas para volver a disfrutar en el mes en curso.<\/p>\n\n\n\n<h2 class=\"wp-block-heading\">Sipnosis<\/h2>\n\n\n\n<p>Mark Zuckerberg (<strong>Jesse Eisenberg<\/strong>), un estudiante de Harvard, crea la red social que terminar\u00e1 convirti\u00e9ndose en Facebook, pero recibe acusaciones del cofundador y de dos hermanos que sostienen que la idea fue suya.<\/p>\n\n\n\n<p>Enmarcada en un escenario universitario-empresarial, &#8220;La Red Social&#8221; narra la historia de una compa\u00f1\u00eda de fama mundial, Facebook. Una historia, dos relatos que convergen entre s\u00ed, en extra\u00f1as aguas profundas lleno de complejidad y soberbia. <\/p>","protected":false},"excerpt":{"rendered":"<p>Puntuaci\u00f3n: &#x2b50;&#x2b50;&#x2b50;&#x2b50; Nuestra siguiente recomendaci\u00f3n forma parte de &#8220;esos&#8221; estrenos de pel\u00edculas para volver a disfrutar en el mes en curso. Sipnosis Mark Zuckerberg (Jesse Eisenberg), un estudiante de Harvard, crea la red social que terminar\u00e1 convirti\u00e9ndose en Facebook, pero recibe acusaciones del cofundador y de dos hermanos que sostienen que la idea fue suya. &hellip;<\/p>","protected":false},"author":2,"featured_media":18991,"comment_status":"closed","ping_status":"closed","sticky":false,"template":"","format":"standard","meta":{"jetpack_post_was_ever_published":false,"_jetpack_newsletter_access":"","_jetpack_dont_email_post_to_subs":false,"_jetpack_newsletter_tier_id":0,"_jetpack_memberships_contains_paywalled_content":false,"_jetpack_memberships_contains_paid_content":false,"footnotes":"","jetpack_publicize_message":"","jetpack_publicize_feature_enabled":true,"jetpack_social_post_already_shared":true,"jetpack_social_options":{"image_generator_settings":{"template":"highway","default_image_id":0,"font":"","enabled":false},"version":2}},"categories":[766],"tags":[857,303],"class_list":["post-18990","post","type-post","status-publish","format-standard","has-post-thumbnail","hentry","category-cine-netflix","tag-complejo","tag-drama"],"jetpack_publicize_connections":[],"jetpack_featured_media_url":"https:\/\/www.macquero.com\/wp-content\/uploads\/2023\/02\/ci.jpg","jetpack_sharing_enabled":true,"_links":{"self":[{"href":"https:\/\/www.macquero.com\/en\/wp-json\/wp\/v2\/posts\/18990","targetHints":{"allow":["GET"]}}],"collection":[{"href":"https:\/\/www.macquero.com\/en\/wp-json\/wp\/v2\/posts"}],"about":[{"href":"https:\/\/www.macquero.com\/en\/wp-json\/wp\/v2\/types\/post"}],"author":[{"embeddable":true,"href":"https:\/\/www.macquero.com\/en\/wp-json\/wp\/v2\/users\/2"}],"replies":[{"embeddable":true,"href":"https:\/\/www.macquero.com\/en\/wp-json\/wp\/v2\/comments?post=18990"}],"version-history":[{"count":1,"href":"https:\/\/www.macquero.com\/en\/wp-json\/wp\/v2\/posts\/18990\/revisions"}],"predecessor-version":[{"id":18992,"href":"https:\/\/www.macquero.com\/en\/wp-json\/wp\/v2\/posts\/18990\/revisions\/18992"}],"wp:featuredmedia":[{"embeddable":true,"href":"https:\/\/www.macquero.com\/en\/wp-json\/wp\/v2\/media\/18991"}],"wp:attachment":[{"href":"https:\/\/www.macquero.com\/en\/wp-json\/wp\/v2\/media?parent=18990"}],"wp:term":[{"taxonomy":"category","embeddable":true,"href":"https:\/\/www.macquero.com\/en\/wp-json\/wp\/v2\/categories?post=18990"},{"taxonomy":"post_tag","embeddable":true,"href":"https:\/\/www.macquero.com\/en\/wp-json\/wp\/v2\/tags?post=18990"}],"curies":[{"name":"wp","href":"https:\/\/api.w.org\/{rel}","templated":true}]}}