{"id":18962,"date":"2023-01-31T03:59:55","date_gmt":"2023-01-31T09:59:55","guid":{"rendered":"https:\/\/www.macquero.com\/?p=18962"},"modified":"2023-01-31T04:00:40","modified_gmt":"2023-01-31T10:00:40","slug":"contra-las-cuerdas","status":"publish","type":"post","link":"https:\/\/www.macquero.com\/en\/2023\/01\/contra-las-cuerdas\/","title":{"rendered":"Contra las cuerdas."},"content":{"rendered":"<p>Puntuaci\u00f3n: &#x2b50;&#x2b50;&#x2b50;&#x2b50;&#x2b50;<\/p>\n\n\n\n<p>Nuestra siguiente recomendaci\u00f3n es tendencia en la plataforma y forma parte de los estrenos de principio de a\u00f1o.<\/p>\n\n\n\n<h2 class=\"wp-block-heading\">Sinopsis<\/h2>\n\n\n\n<p>Despu\u00e9s de seis a\u00f1os, \u00c1ngela (<a href=\"https:\/\/www.instagram.com\/caralysanchez\" data-type=\"URL\" data-id=\"https:\/\/www.instagram.com\/caralysanchez\" target=\"_blank\" rel=\"noreferrer noopener\">Caraly S\u00e1nchez<\/a>) sale de prisi\u00f3n por un crimen que no cometi\u00f3 y decide convertirse en luchadora para reconquistar el amor de su hija Roc\u00edo, quien es una aficionada de las luchas.<\/p>\n\n\n\n<p>Como el t\u00edtulo lo indica, es una historia de lucha libre, pero tambi\u00e9n de lucha libre femenina. Cada personaje est\u00e1 edificado por un magn\u00edfico cuerpo de guionistas como; por excelentes directores y por supuesto por un reparto sensacional.<\/p>\n\n\n\n<p>Mi raz\u00f3n para verla es por la belleza de las protagonistas principales. Caraly S\u00e1nchez y <a rel=\"noreferrer noopener\" href=\"https:\/\/www.instagram.com\/scarlet_gruber\" data-type=\"URL\" data-id=\"https:\/\/www.instagram.com\/scarlet_gruber\" target=\"_blank\">Scarlet Gruber<\/a>. <\/p>\n\n\n\n<p>Me sorprendi\u00f3 de forma bastante grata desde su primer episodio. Es una serie de corte dram\u00e1tico con diversos y peque\u00f1os momentos de comicidad. <\/p>\n\n\n\n<p>Cierra de manera estupenda, me parece con se\u00f1ales de una segunda entrega.   <\/p>\n\n\n\n<p><br><\/p>","protected":false},"excerpt":{"rendered":"<p>Puntuaci\u00f3n: &#x2b50;&#x2b50;&#x2b50;&#x2b50;&#x2b50; Nuestra siguiente recomendaci\u00f3n es tendencia en la plataforma y forma parte de los estrenos de principio de a\u00f1o. Sinopsis Despu\u00e9s de seis a\u00f1os, \u00c1ngela (Caraly S\u00e1nchez) sale de prisi\u00f3n por un crimen que no cometi\u00f3 y decide convertirse en luchadora para reconquistar el amor de su hija Roc\u00edo, quien es una aficionada de &hellip;<\/p>","protected":false},"author":2,"featured_media":18963,"comment_status":"closed","ping_status":"closed","sticky":false,"template":"","format":"standard","meta":{"jetpack_post_was_ever_published":false,"_jetpack_newsletter_access":"","_jetpack_dont_email_post_to_subs":false,"_jetpack_newsletter_tier_id":0,"_jetpack_memberships_contains_paywalled_content":false,"_jetpack_memberships_contains_paid_content":false,"footnotes":"","jetpack_publicize_message":"","jetpack_publicize_feature_enabled":true,"jetpack_social_post_already_shared":true,"jetpack_social_options":{"image_generator_settings":{"template":"highway","default_image_id":0,"font":"","enabled":false},"version":2}},"categories":[733,974],"tags":[303,775],"class_list":["post-18962","post","type-post","status-publish","format-standard","has-post-thumbnail","hentry","category-originales-de-netflix","category-telenovela","tag-drama","tag-emotivo"],"jetpack_publicize_connections":[],"jetpack_featured_media_url":"https:\/\/www.macquero.com\/wp-content\/uploads\/2023\/01\/la-1.jpg","jetpack_sharing_enabled":true,"_links":{"self":[{"href":"https:\/\/www.macquero.com\/en\/wp-json\/wp\/v2\/posts\/18962","targetHints":{"allow":["GET"]}}],"collection":[{"href":"https:\/\/www.macquero.com\/en\/wp-json\/wp\/v2\/posts"}],"about":[{"href":"https:\/\/www.macquero.com\/en\/wp-json\/wp\/v2\/types\/post"}],"author":[{"embeddable":true,"href":"https:\/\/www.macquero.com\/en\/wp-json\/wp\/v2\/users\/2"}],"replies":[{"embeddable":true,"href":"https:\/\/www.macquero.com\/en\/wp-json\/wp\/v2\/comments?post=18962"}],"version-history":[{"count":2,"href":"https:\/\/www.macquero.com\/en\/wp-json\/wp\/v2\/posts\/18962\/revisions"}],"predecessor-version":[{"id":18965,"href":"https:\/\/www.macquero.com\/en\/wp-json\/wp\/v2\/posts\/18962\/revisions\/18965"}],"wp:featuredmedia":[{"embeddable":true,"href":"https:\/\/www.macquero.com\/en\/wp-json\/wp\/v2\/media\/18963"}],"wp:attachment":[{"href":"https:\/\/www.macquero.com\/en\/wp-json\/wp\/v2\/media?parent=18962"}],"wp:term":[{"taxonomy":"category","embeddable":true,"href":"https:\/\/www.macquero.com\/en\/wp-json\/wp\/v2\/categories?post=18962"},{"taxonomy":"post_tag","embeddable":true,"href":"https:\/\/www.macquero.com\/en\/wp-json\/wp\/v2\/tags?post=18962"}],"curies":[{"name":"wp","href":"https:\/\/api.w.org\/{rel}","templated":true}]}}