{"id":18949,"date":"2023-01-29T00:00:00","date_gmt":"2023-01-29T06:00:00","guid":{"rendered":"https:\/\/www.macquero.com\/?p=18949"},"modified":"2023-01-29T02:58:32","modified_gmt":"2023-01-29T08:58:32","slug":"todos-los-dias-la-misma-noche","status":"publish","type":"post","link":"https:\/\/www.macquero.com\/en\/2023\/01\/todos-los-dias-la-misma-noche\/","title":{"rendered":"Todos los d\u00edas la misma noche. &#8211; Todo dia a mesma noite."},"content":{"rendered":"<p>Puntuaci\u00f3n: &#x2b50;&#x2b50;&#x2b50;&#x2b50;&#x2b50;<\/p>\n\n\n\n<p>Nuestra siguiente recomendaci\u00f3n es un relato basado en hechos reales. <\/p>\n\n\n\n<h2 class=\"wp-block-heading\">Sipnosis<\/h2>\n\n\n\n<p>Tras la muerte de 242 personas en un incendio en un club nocturno, lo \u00fanico que pueden hacer los padres de las v\u00edctimas es llorar\u2026 y luchar por que se haga justicia. <\/p>\n\n\n\n<p>La miniserie de cinco episodios se basa en el libro de 2018 \u201cTodo dia a mesma noite: A hist\u00f3ria n\u00e3o contada da boate Kiss\u201d, obra de la premiada periodista brasile\u00f1a Daniela Arbex.<\/p>\n\n\n\n<p>De acuerdo con Netflix, \u201c<strong>Todos los d\u00edas la misma noche<\/strong>\u201d \u201crevela la historia no contada de la una de las mayores tragedias de Brasil: desde la investigaci\u00f3n policial hasta las circunstancias que desencadenaron el incendio y la incansable lucha por la justicia librada por los familiares de las v\u00edctimas.&nbsp;<\/p>","protected":false},"excerpt":{"rendered":"<p>Puntuaci\u00f3n: &#x2b50;&#x2b50;&#x2b50;&#x2b50;&#x2b50; Nuestra siguiente recomendaci\u00f3n es un relato basado en hechos reales. Sipnosis Tras la muerte de 242 personas en un incendio en un club nocturno, lo \u00fanico que pueden hacer los padres de las v\u00edctimas es llorar\u2026 y luchar por que se haga justicia. La miniserie de cinco episodios se basa en el libro &hellip;<\/p>","protected":false},"author":2,"featured_media":18950,"comment_status":"closed","ping_status":"closed","sticky":false,"template":"","format":"standard","meta":{"jetpack_post_was_ever_published":false,"_jetpack_newsletter_access":"","_jetpack_dont_email_post_to_subs":false,"_jetpack_newsletter_tier_id":0,"_jetpack_memberships_contains_paywalled_content":false,"_jetpack_memberships_contains_paid_content":false,"footnotes":"","jetpack_publicize_message":"","jetpack_publicize_feature_enabled":true,"jetpack_social_post_already_shared":true,"jetpack_social_options":{"image_generator_settings":{"template":"highway","default_image_id":0,"font":"","enabled":false},"version":2}},"categories":[1007,733],"tags":[834,951,1174,775],"class_list":["post-18949","post","type-post","status-publish","format-standard","has-post-thumbnail","hentry","category-avances","category-originales-de-netflix","tag-docuserie","tag-drama-social","tag-dramatizacion","tag-emotivo"],"jetpack_publicize_connections":[],"jetpack_featured_media_url":"https:\/\/www.macquero.com\/wp-content\/uploads\/2023\/01\/sd.jpg","jetpack_sharing_enabled":true,"_links":{"self":[{"href":"https:\/\/www.macquero.com\/en\/wp-json\/wp\/v2\/posts\/18949","targetHints":{"allow":["GET"]}}],"collection":[{"href":"https:\/\/www.macquero.com\/en\/wp-json\/wp\/v2\/posts"}],"about":[{"href":"https:\/\/www.macquero.com\/en\/wp-json\/wp\/v2\/types\/post"}],"author":[{"embeddable":true,"href":"https:\/\/www.macquero.com\/en\/wp-json\/wp\/v2\/users\/2"}],"replies":[{"embeddable":true,"href":"https:\/\/www.macquero.com\/en\/wp-json\/wp\/v2\/comments?post=18949"}],"version-history":[{"count":3,"href":"https:\/\/www.macquero.com\/en\/wp-json\/wp\/v2\/posts\/18949\/revisions"}],"predecessor-version":[{"id":18953,"href":"https:\/\/www.macquero.com\/en\/wp-json\/wp\/v2\/posts\/18949\/revisions\/18953"}],"wp:featuredmedia":[{"embeddable":true,"href":"https:\/\/www.macquero.com\/en\/wp-json\/wp\/v2\/media\/18950"}],"wp:attachment":[{"href":"https:\/\/www.macquero.com\/en\/wp-json\/wp\/v2\/media?parent=18949"}],"wp:term":[{"taxonomy":"category","embeddable":true,"href":"https:\/\/www.macquero.com\/en\/wp-json\/wp\/v2\/categories?post=18949"},{"taxonomy":"post_tag","embeddable":true,"href":"https:\/\/www.macquero.com\/en\/wp-json\/wp\/v2\/tags?post=18949"}],"curies":[{"name":"wp","href":"https:\/\/api.w.org\/{rel}","templated":true}]}}