{"id":18938,"date":"2023-01-27T00:20:00","date_gmt":"2023-01-27T06:20:00","guid":{"rendered":"https:\/\/www.macquero.com\/?p=18938"},"modified":"2023-01-26T02:04:51","modified_gmt":"2023-01-26T08:04:51","slug":"filtrados-nuevos-detalles-acerca-de-los-lentes-de-realidad-mixta-de-apple","status":"publish","type":"post","link":"https:\/\/www.macquero.com\/en\/2023\/01\/filtrados-nuevos-detalles-acerca-de-los-lentes-de-realidad-mixta-de-apple\/","title":{"rendered":"Filtrados nuevos detalles acerca de los lentes de realidad mixta de Apple."},"content":{"rendered":"<p>Los rumores apuntan que el dispositivo de alta gama se llamar\u00e1 Reality Pro y que podr\u00e1 comprarse por aproximadamente 3.000 d\u00f3lares a finales de a\u00f1o.&nbsp;Mark Gruman, analista y periodista de Bloomberg, ha hablado del dispositivo en m\u00e1s de una ocasi\u00f3n y ha adelantado que posiblemente se llamar\u00e1&nbsp;<strong>Reality Pro,&nbsp;<\/strong>ser\u00e1 un producto de alta gama y costar\u00e1 unos 3.000 d\u00f3lares.<\/p>\n\n\n\n<h2 class=\"wp-block-heading\">Lo qu\u00e9 se sabe<\/h2>\n\n\n\n<p>La raz\u00f3n por la que todav\u00eda no ha visto la luz el Reality Pro se debe a los retrasos ocasionados por ciertas dificultades tecnol\u00f3gicos, pero todo apunta a que este a\u00f1o ser\u00e1 el definitivo. Lo que se sabe hasta el momento es que el casco incluir\u00e1<strong>&nbsp;realidad aumentada&nbsp;(RA) y&nbsp;virtual&nbsp;(RV)<\/strong>, que no requerir\u00e1 de mandos gracias a la utilizaci\u00f3n de una tecnolog\u00eda de seguimiento ocular y manual y que se podr\u00e1n realizar reuniones por FaceTime de cuerpo completo con avatares realistas.<\/p>\n\n\n\n<p>Adem\u00e1s de lo ya comentado, se espera que el casco de realidad mixta vendr\u00e1 con&nbsp;<strong>c\u00e1maras externas para detectar los movimientos de la mano<\/strong>&nbsp;y que, dentro, dispondr\u00e1 de&nbsp;<strong>sensores que leer\u00e1n los ojos.<\/strong>&nbsp;(De este modo, el visor controlar\u00e1 cuando la persona est\u00e1 mirando a un elemento de la pantalla o pueda estar haciendo gestos para seleccionarlo sin necesidad de mandos).<\/p>\n\n\n\n<p>Sobre el tema de la realidad mixta, en Bloomberg, han detallado que, con la RV, los usuarios podr\u00e1n ver contenido dentro de los lentes, mientras que, con la RA, el contenido digital se superpondr\u00e1 a lo que el usuario tiene en su entorno f\u00edsico real.<\/p>\n\n\n\n<p>Fuentes cercanas a Apple, han contado que el aparato tendr\u00e1 una &#8220;corona digital&#8221; como la de Apple Watch para cambiar de un modo a otro. Adem\u00e1s, el casco tendr\u00e1&nbsp;<strong>dos pantallas de ultra alta resoluci\u00f3n de&nbsp;Sony<\/strong>&nbsp;para la RV que tambi\u00e9n se usar\u00e1n para mostrar objetos de RA en el mundo real.<\/p>\n\n\n\n<h2 class=\"wp-block-heading\" id=\"m162-161-163\">Videollamadas y v\u00eddeos inmersivos<\/h2>\n\n\n\n<p id=\"m167-166-168\">Bloomberg informa que, con la compra de Reality Pro, Apple ofrecer\u00e1&nbsp;unos lentes graduados personalizados&nbsp;que se tendr\u00e1n que colocar dentro del visor. Tambi\u00e9n incluir\u00e1 un software que permitir\u00e1 crear salas de reuniones y video conferencias virtuales en FaceTime m\u00e1s realistas. Gracias a las reuniones con avatares, los usuarios podr\u00e1n sentir que est\u00e1n en la misma sala que la persona con la que hablan a trav\u00e9s del casco.<\/p>\n\n\n\n<p id=\"m206-205-207\">Con la colaboraci\u00f3n de media docena de socios, entre los que se incluye Walt Disney y Dolby Laboratories, Apple est\u00e1 trabajando en contenido de realidad virtual&nbsp;<strong>para una visualizaci\u00f3n inmersiva de v\u00eddeos<\/strong>. Esta tecnolog\u00eda servir\u00e1 tambi\u00e9n para su propio material de Apple TV+.<\/p>\n\n\n\n<p id=\"m211-210-212\">Para una visualizaci\u00f3n inmersiva de v\u00eddeos total, los usuarios deber\u00e1n usar los auriculares AirPods que proporcionar\u00e1n&nbsp;<strong>&#8220;un audio espacial completo&#8221;.<\/strong><\/p>\n\n\n\n<h2 class=\"wp-block-heading\">En conclusi\u00f3n<\/h2>\n\n\n\n<p>Con el&nbsp;<strong>Reality Pro podr\u00e1s replicar varias funciones de iPhone y iPad<\/strong>&nbsp;para que puedas hacer lo mismo que har\u00edas desde dichos dispositivos en un mundo en tres dimensiones. Por lo tanto, se podr\u00e1 navegar, mirar fotos, leer correos o recordar lo que se tiene que hacer seg\u00fan el calendario desde una realidad digital.<\/p>\n\n\n\n<p>\u00a1Fabuloso!<\/p>","protected":false},"excerpt":{"rendered":"<p>Los rumores apuntan que el dispositivo de alta gama se llamar\u00e1 Reality Pro y que podr\u00e1 comprarse por aproximadamente 3.000 d\u00f3lares a finales de a\u00f1o.&nbsp;Mark Gruman, analista y periodista de Bloomberg, ha hablado del dispositivo en m\u00e1s de una ocasi\u00f3n y ha adelantado que posiblemente se llamar\u00e1&nbsp;Reality Pro,&nbsp;ser\u00e1 un producto de alta gama y costar\u00e1 &hellip;<\/p>","protected":false},"author":2,"featured_media":18942,"comment_status":"closed","ping_status":"closed","sticky":false,"template":"","format":"standard","meta":{"jetpack_post_was_ever_published":false,"_jetpack_newsletter_access":"","_jetpack_dont_email_post_to_subs":false,"_jetpack_newsletter_tier_id":0,"_jetpack_memberships_contains_paywalled_content":false,"_jetpack_memberships_contains_paid_content":false,"footnotes":"","jetpack_publicize_message":"","jetpack_publicize_feature_enabled":true,"jetpack_social_post_already_shared":true,"jetpack_social_options":{"image_generator_settings":{"template":"highway","default_image_id":0,"font":"","enabled":false},"version":2}},"categories":[5,1054],"tags":[1173,1074],"class_list":["post-18938","post","type-post","status-publish","format-standard","has-post-thumbnail","hentry","category-apple","category-rumores","tag-filtraciones","tag-rumores"],"jetpack_publicize_connections":[],"jetpack_featured_media_url":"https:\/\/www.macquero.com\/wp-content\/uploads\/2023\/01\/pp2.jpg","jetpack_sharing_enabled":true,"_links":{"self":[{"href":"https:\/\/www.macquero.com\/en\/wp-json\/wp\/v2\/posts\/18938","targetHints":{"allow":["GET"]}}],"collection":[{"href":"https:\/\/www.macquero.com\/en\/wp-json\/wp\/v2\/posts"}],"about":[{"href":"https:\/\/www.macquero.com\/en\/wp-json\/wp\/v2\/types\/post"}],"author":[{"embeddable":true,"href":"https:\/\/www.macquero.com\/en\/wp-json\/wp\/v2\/users\/2"}],"replies":[{"embeddable":true,"href":"https:\/\/www.macquero.com\/en\/wp-json\/wp\/v2\/comments?post=18938"}],"version-history":[{"count":3,"href":"https:\/\/www.macquero.com\/en\/wp-json\/wp\/v2\/posts\/18938\/revisions"}],"predecessor-version":[{"id":18943,"href":"https:\/\/www.macquero.com\/en\/wp-json\/wp\/v2\/posts\/18938\/revisions\/18943"}],"wp:featuredmedia":[{"embeddable":true,"href":"https:\/\/www.macquero.com\/en\/wp-json\/wp\/v2\/media\/18942"}],"wp:attachment":[{"href":"https:\/\/www.macquero.com\/en\/wp-json\/wp\/v2\/media?parent=18938"}],"wp:term":[{"taxonomy":"category","embeddable":true,"href":"https:\/\/www.macquero.com\/en\/wp-json\/wp\/v2\/categories?post=18938"},{"taxonomy":"post_tag","embeddable":true,"href":"https:\/\/www.macquero.com\/en\/wp-json\/wp\/v2\/tags?post=18938"}],"curies":[{"name":"wp","href":"https:\/\/api.w.org\/{rel}","templated":true}]}}