{"id":18912,"date":"2023-01-22T00:20:00","date_gmt":"2023-01-22T06:20:00","guid":{"rendered":"https:\/\/www.macquero.com\/?p=18912"},"modified":"2023-01-22T00:49:17","modified_gmt":"2023-01-22T06:49:17","slug":"apple-ya-tiene-listo-ios-16-3-y-soluciona-el-problema-de-las-lineas-en-la-pantalla-del-iphone-14","status":"publish","type":"post","link":"https:\/\/www.macquero.com\/en\/2023\/01\/apple-ya-tiene-listo-ios-16-3-y-soluciona-el-problema-de-las-lineas-en-la-pantalla-del-iphone-14\/","title":{"rendered":"Apple ya tiene listo iOS 16.3 y soluciona el problema de las l\u00edneas en la pantalla del iPhone 14."},"content":{"rendered":"<p>De conocimiento la actualizaci\u00f3n de iOS se encuentra ahora mismo en disposici\u00f3n de los desarrolladores, adem\u00e1s, su lanzamiento se producir\u00e1 la semana que viene.<\/p>\n\n\n\n<figure class=\"wp-block-image size-large\"><img loading=\"lazy\" decoding=\"async\" width=\"940\" height=\"521\" src=\"https:\/\/www.macquero.com\/wp-content\/uploads\/2023\/01\/Captura-de-pantalla-2023-01-20-a-las-11.09.26-p.-m.-940x521.png\" alt=\"\" class=\"wp-image-18915\" srcset=\"https:\/\/www.macquero.com\/wp-content\/uploads\/2023\/01\/Captura-de-pantalla-2023-01-20-a-las-11.09.26-p.-m.-940x521.png 940w, https:\/\/www.macquero.com\/wp-content\/uploads\/2023\/01\/Captura-de-pantalla-2023-01-20-a-las-11.09.26-p.-m.-620x344.png 620w, https:\/\/www.macquero.com\/wp-content\/uploads\/2023\/01\/Captura-de-pantalla-2023-01-20-a-las-11.09.26-p.-m.-300x166.png 300w, https:\/\/www.macquero.com\/wp-content\/uploads\/2023\/01\/Captura-de-pantalla-2023-01-20-a-las-11.09.26-p.-m.-768x426.png 768w, https:\/\/www.macquero.com\/wp-content\/uploads\/2023\/01\/Captura-de-pantalla-2023-01-20-a-las-11.09.26-p.-m.-18x10.png 18w, https:\/\/www.macquero.com\/wp-content\/uploads\/2023\/01\/Captura-de-pantalla-2023-01-20-a-las-11.09.26-p.-m..png 981w\" sizes=\"auto, (max-width: 940px) 100vw, 940px\" \/><figcaption>\u00bfTienes este problema?<\/figcaption><\/figure>\n\n\n\n<p id=\"m97-96-98\">No desesperes, Apple&nbsp;ya solucion\u00f3 el problema de las rayas horizontales verdes y amarillas&nbsp;en los iPhone 14 Pro y Pro Max tras lanzar la versi\u00f3n iOS 16.3.<\/p>\n\n\n\n<p id=\"m102-101-103\">Tras el lanzamiento de estos modelos, algunos usuarios denunciaron la aparici\u00f3n de l\u00edneas al encender sus&nbsp;dispositivos&nbsp;que parpadeaban unos segundos y desaparec\u00edan cuando se iba a encender la pantalla.<\/p>\n\n\n\n<blockquote class=\"wp-block-quote is-layout-flow wp-block-quote-is-layout-flow\"><p>La empresa reconoci\u00f3 el inconveniente en una nota interna, donde se\u00f1alaba que se trataba de un<strong>&nbsp;defecto del&nbsp;software<\/strong>&nbsp;y no un problema de Hardware. <\/p><\/blockquote>\n\n\n\n<p id=\"m112-111-113\"><a rel=\"noreferrer noopener\" href=\"https:\/\/www.macrumors.com\/2023\/01\/18\/ios-16-3-fixes-horizontal-lines-iphone-14-pro-max\/\" target=\"_blank\">MacRumors&nbsp;<\/a>informa que Apple ha lanzado la versi\u00f3n iOS 16.3, aunque no ha aclarado cu\u00e1ntos dispositivos se han visto afectados<strong>&nbsp;<\/strong>por este inconveniente. Por otro lado, el fabricante ha puesto esta&nbsp;<strong>actualizaci\u00f3n a disposici\u00f3n de los desarrolladores&nbsp;<\/strong>y su lanzamiento se producir\u00e1 la semana entrante dentro de la fecha en curso.&nbsp;<\/p>","protected":false},"excerpt":{"rendered":"<p>De conocimiento la actualizaci\u00f3n de iOS se encuentra ahora mismo en disposici\u00f3n de los desarrolladores, adem\u00e1s, su lanzamiento se producir\u00e1 la semana que viene. \u00bfTienes este problema? No desesperes, Apple&nbsp;ya solucion\u00f3 el problema de las rayas horizontales verdes y amarillas&nbsp;en los iPhone 14 Pro y Pro Max tras lanzar la versi\u00f3n iOS 16.3. Tras el &hellip;<\/p>","protected":false},"author":2,"featured_media":18913,"comment_status":"closed","ping_status":"closed","sticky":false,"template":"","format":"standard","meta":{"jetpack_post_was_ever_published":false,"_jetpack_newsletter_access":"","_jetpack_dont_email_post_to_subs":false,"_jetpack_newsletter_tier_id":0,"_jetpack_memberships_contains_paywalled_content":false,"_jetpack_memberships_contains_paid_content":false,"footnotes":"","jetpack_publicize_message":"","jetpack_publicize_feature_enabled":true,"jetpack_social_post_already_shared":true,"jetpack_social_options":{"image_generator_settings":{"template":"highway","default_image_id":0,"font":"","enabled":false},"version":2}},"categories":[5,755],"tags":[1058,286],"class_list":["post-18912","post","type-post","status-publish","format-standard","has-post-thumbnail","hentry","category-apple","category-ios","tag-actualizacion","tag-novedades"],"jetpack_publicize_connections":[],"jetpack_featured_media_url":"https:\/\/www.macquero.com\/wp-content\/uploads\/2023\/01\/pp.jpg","jetpack_sharing_enabled":true,"_links":{"self":[{"href":"https:\/\/www.macquero.com\/en\/wp-json\/wp\/v2\/posts\/18912","targetHints":{"allow":["GET"]}}],"collection":[{"href":"https:\/\/www.macquero.com\/en\/wp-json\/wp\/v2\/posts"}],"about":[{"href":"https:\/\/www.macquero.com\/en\/wp-json\/wp\/v2\/types\/post"}],"author":[{"embeddable":true,"href":"https:\/\/www.macquero.com\/en\/wp-json\/wp\/v2\/users\/2"}],"replies":[{"embeddable":true,"href":"https:\/\/www.macquero.com\/en\/wp-json\/wp\/v2\/comments?post=18912"}],"version-history":[{"count":2,"href":"https:\/\/www.macquero.com\/en\/wp-json\/wp\/v2\/posts\/18912\/revisions"}],"predecessor-version":[{"id":18916,"href":"https:\/\/www.macquero.com\/en\/wp-json\/wp\/v2\/posts\/18912\/revisions\/18916"}],"wp:featuredmedia":[{"embeddable":true,"href":"https:\/\/www.macquero.com\/en\/wp-json\/wp\/v2\/media\/18913"}],"wp:attachment":[{"href":"https:\/\/www.macquero.com\/en\/wp-json\/wp\/v2\/media?parent=18912"}],"wp:term":[{"taxonomy":"category","embeddable":true,"href":"https:\/\/www.macquero.com\/en\/wp-json\/wp\/v2\/categories?post=18912"},{"taxonomy":"post_tag","embeddable":true,"href":"https:\/\/www.macquero.com\/en\/wp-json\/wp\/v2\/tags?post=18912"}],"curies":[{"name":"wp","href":"https:\/\/api.w.org\/{rel}","templated":true}]}}