{"id":18905,"date":"2023-01-21T00:20:00","date_gmt":"2023-01-21T06:20:00","guid":{"rendered":"https:\/\/www.macquero.com\/?p=18905"},"modified":"2023-01-20T20:29:12","modified_gmt":"2023-01-21T02:29:12","slug":"escuadron-pastelero-temporada-2","status":"publish","type":"post","link":"https:\/\/www.macquero.com\/en\/2023\/01\/escuadron-pastelero-temporada-2\/","title":{"rendered":"Escuadr\u00f3n Pastelero. Temporada 2."},"content":{"rendered":"<p>Puntuaci\u00f3n: &#x2b50;&#x2b50;&#x2b50;&#x2b50;&#x2b50;<\/p>\n\n\n\n<p>Regresa a la plataforma un reality espectacular. <\/p>\n\n\n\n<p>Lo qu\u00e9 ver\u00e1s en esta entrega es una completa locura.<\/p>\n\n\n\n<h2 class=\"wp-block-heading\">Sipnosis<\/h2>\n\n\n\n<p>Cuatro pasteleros (<a rel=\"noreferrer noopener\" href=\"https:\/\/www.instagram.com\/sugar_monsterr\" data-type=\"URL\" data-id=\"https:\/\/www.instagram.com\/sugar_monsterr\" target=\"_blank\">Ashley Holt<\/a>), (<a rel=\"noreferrer noopener\" href=\"https:\/\/www.instagram.com\/chef.gonzo\" data-type=\"URL\" data-id=\"https:\/\/www.instagram.com\/chef.gonzo\" target=\"_blank\">Gonzo Jimenez<\/a>), (<a rel=\"noreferrer noopener\" href=\"https:\/\/www.instagram.com\/mayacamillebroussard\" data-type=\"URL\" data-id=\"https:\/\/www.instagram.com\/mayacamillebroussard\" target=\"_blank\">Maya-Camille Broussard<\/a>) y (<a rel=\"noreferrer noopener\" href=\"https:\/\/www.instagram.com\/christopherullpro\" data-type=\"URL\" data-id=\"https:\/\/www.instagram.com\/christopherullpro\" target=\"_blank\">Christophe Rull<\/a>) seleccionados por la chef pastelera (<a rel=\"noreferrer noopener\" href=\"https:\/\/www.instagram.com\/christinatosi\" data-type=\"URL\" data-id=\"https:\/\/www.instagram.com\/christinatosi\" target=\"_blank\">Christina Tosi<\/a>) luchan para ver qu\u00e9 postre se elegir\u00e1 para el gran d\u00eda especial de un cliente.<\/p>\n\n\n\n<p>Una serie \u00fanica en su clase, con expertos capaces de llevar sus dulces creaciones a otro nivel. (Echa un vistazo a sus cuentas en Instagram) y si no has visto su <a href=\"https:\/\/www.macquero.com\/en\/2021\/08\/estreno-escuadron-pastelero-bake-squad\/\" data-type=\"URL\" data-id=\"https:\/\/www.macquero.com\/2021\/08\/estreno-escuadron-pastelero-bake-squad\/\" target=\"_blank\" rel=\"noreferrer noopener\">primera temporada<\/a>, ya te est\u00e1s tardando. <\/p>","protected":false},"excerpt":{"rendered":"<p>Puntuaci\u00f3n: &#x2b50;&#x2b50;&#x2b50;&#x2b50;&#x2b50; Regresa a la plataforma un reality espectacular. Lo qu\u00e9 ver\u00e1s en esta entrega es una completa locura. Sipnosis Cuatro pasteleros (Ashley Holt), (Gonzo Jimenez), (Maya-Camille Broussard) y (Christophe Rull) seleccionados por la chef pastelera (Christina Tosi) luchan para ver qu\u00e9 postre se elegir\u00e1 para el gran d\u00eda especial de un cliente. Una serie &hellip;<\/p>","protected":false},"author":2,"featured_media":18909,"comment_status":"closed","ping_status":"closed","sticky":false,"template":"","format":"standard","meta":{"jetpack_post_was_ever_published":false,"_jetpack_newsletter_access":"","_jetpack_dont_email_post_to_subs":false,"_jetpack_newsletter_tier_id":0,"_jetpack_memberships_contains_paywalled_content":false,"_jetpack_memberships_contains_paid_content":false,"footnotes":"","jetpack_publicize_message":"","jetpack_publicize_feature_enabled":true,"jetpack_social_post_already_shared":true,"jetpack_social_options":{"image_generator_settings":{"template":"highway","default_image_id":0,"font":"","enabled":false},"version":2}},"categories":[1007,1101],"tags":[831,1172],"class_list":["post-18905","post","type-post","status-publish","format-standard","has-post-thumbnail","hentry","category-avances","category-recomendado","tag-estilo-de-vida","tag-innovador"],"jetpack_publicize_connections":[],"jetpack_featured_media_url":"https:\/\/www.macquero.com\/wp-content\/uploads\/2023\/01\/on.jpg","jetpack_sharing_enabled":true,"_links":{"self":[{"href":"https:\/\/www.macquero.com\/en\/wp-json\/wp\/v2\/posts\/18905","targetHints":{"allow":["GET"]}}],"collection":[{"href":"https:\/\/www.macquero.com\/en\/wp-json\/wp\/v2\/posts"}],"about":[{"href":"https:\/\/www.macquero.com\/en\/wp-json\/wp\/v2\/types\/post"}],"author":[{"embeddable":true,"href":"https:\/\/www.macquero.com\/en\/wp-json\/wp\/v2\/users\/2"}],"replies":[{"embeddable":true,"href":"https:\/\/www.macquero.com\/en\/wp-json\/wp\/v2\/comments?post=18905"}],"version-history":[{"count":3,"href":"https:\/\/www.macquero.com\/en\/wp-json\/wp\/v2\/posts\/18905\/revisions"}],"predecessor-version":[{"id":18911,"href":"https:\/\/www.macquero.com\/en\/wp-json\/wp\/v2\/posts\/18905\/revisions\/18911"}],"wp:featuredmedia":[{"embeddable":true,"href":"https:\/\/www.macquero.com\/en\/wp-json\/wp\/v2\/media\/18909"}],"wp:attachment":[{"href":"https:\/\/www.macquero.com\/en\/wp-json\/wp\/v2\/media?parent=18905"}],"wp:term":[{"taxonomy":"category","embeddable":true,"href":"https:\/\/www.macquero.com\/en\/wp-json\/wp\/v2\/categories?post=18905"},{"taxonomy":"post_tag","embeddable":true,"href":"https:\/\/www.macquero.com\/en\/wp-json\/wp\/v2\/tags?post=18905"}],"curies":[{"name":"wp","href":"https:\/\/api.w.org\/{rel}","templated":true}]}}