{"id":18899,"date":"2023-01-20T00:00:00","date_gmt":"2023-01-20T06:00:00","guid":{"rendered":"https:\/\/www.macquero.com\/?p=18899"},"modified":"2023-01-20T00:34:18","modified_gmt":"2023-01-20T06:34:18","slug":"apple-presenta-los-nuevos-macbook-pro-de-14-y-16-pulgadas-con-chips-m2-pro-y-m2-max","status":"publish","type":"post","link":"https:\/\/www.macquero.com\/en\/2023\/01\/apple-presenta-los-nuevos-macbook-pro-de-14-y-16-pulgadas-con-chips-m2-pro-y-m2-max\/","title":{"rendered":"Apple presenta los nuevos MacBook Pro de 14 y 16 pulgadas con chips M2 Pro y M2 Max."},"content":{"rendered":"<p>Apple&nbsp;anunci\u00f3 recientemente la salida de&nbsp;sus nuevos&nbsp;<strong>MacBook Pro<\/strong>, disponibles en dos tama\u00f1os de pantalla: de 14 y de 16 pulgadas respectivamente. Greg Joswiak, vicepresidente s\u00e9nior de Marketing Mundial de Apple, apunt\u00f3 que estos productos se destacan &#8220;por un rendimiento m\u00e1s veloz, conectividad mejorada, y la mayor autonom\u00eda nunca vista en un Mac&#8221;.<\/p>\n\n\n\n<h2 class=\"wp-block-heading\">&nbsp;Ventajas<\/h2>\n\n\n\n<ul class=\"wp-block-list\"><li>La gran noticia de estos&nbsp;dispositivos&nbsp;es que disponen de<strong>&nbsp;los chips M2 Pro y M2 Max<\/strong>, los cuales  prometen ofrecer un rendimiento (seis veces) m\u00e1s r\u00e1pido con respecto al mismo modelo con procesador Intel y una escala de colores hasta el doble m\u00e1s r\u00e1pido.<\/li><li>Tambi\u00e9n cuentan con una bater\u00eda sin precedentes en&nbsp;Apple, con una duraci\u00f3n en&nbsp;su autonom\u00eda de hasta 22 horas.&nbsp;El MacBook Pro mejorado tiene conexi\u00f3n inal\u00e1mbrica WiFi 6E y es compatible con HDMI avanzado que admite monitores 8K.<\/li><li>Los nuevos Mac de Apple tambi\u00e9n ofrecen una pantalla Liquid Retina XDR, c\u00e1mara FaceTime de HD a 1080 y seis altavoces y micr\u00f3fonos. Asimismo,&nbsp;usan el software&nbsp;macOS Ventura,&nbsp;que ofrece nuevas herramientas de colaboraci\u00f3n en Safari, una mayor productividad con Spotlight y m\u00e1s potencia para los videojuegos.&nbsp;<\/li><\/ul>\n\n\n\n<h2 class=\"wp-block-heading\" id=\"m167-166-168\">Caracter\u00edsticas de las MacBook Pro con M2 Pro<\/h2>\n\n\n\n<p id=\"m172-171-173\">El procesador M2 Pro est\u00e1 fabricado con&nbsp;tecnolog\u00eda&nbsp;de 5 nan\u00f3metros de segunda generaci\u00f3n y tiene 40.000 millones de transistores que permiten que el usuario disfrute de muchos beneficios en comparaci\u00f3n con modelos anteriores:<\/p>\n\n\n\n<ul class=\"wp-block-list\"><li>Con&nbsp;<strong>200 GB\/s<\/strong>&nbsp;de ancho de banda de memoria unificada (el doble que en el chip M2) y hasta 32 GB de memoria unificada.&nbsp;<\/li><li>Incorpora&nbsp;<strong>una CPU de 10 o 12 n\u00facleos.<\/strong>&nbsp;Hasta 8 de ellos son de rendimiento y 4 son de eficiencia.&nbsp;<\/li><li>La renderizaci\u00f3n de t\u00edtulos y animaciones en Motion es&nbsp;<strong>hasta un 80% m\u00e1s r\u00e1pida&nbsp;<\/strong>que en los MacBook Pro con Intel.&nbsp;<\/li><li>La compilaci\u00f3n en Xcode es&nbsp;<strong>hasta 2,5 veces m\u00e1s r\u00e1pida&nbsp;<\/strong>que en el MacBook Pro con Intel.&nbsp;<\/li><li>Las im\u00e1genes Adobe Photoshop se procesan&nbsp;<strong>hasta un 80% m\u00e1s r\u00e1pido&nbsp;<\/strong>que un MacBook Pro con Intel.<\/li><\/ul>\n\n\n\n<h2 class=\"wp-block-heading\" id=\"m216-215-217\">Caracter\u00edsticas de MacBook Pro con M2 Max<\/h2>\n\n\n\n<p id=\"m221-220-222\">En este caso, Apple con el M2 Max ofrece 67.000 millones de transistores y esto hace posible que tenga las siguientes ventajas:<\/p>\n\n\n\n<ul class=\"wp-block-list\"><li>Con&nbsp;<strong>400 GB\/s<\/strong>&nbsp;de ancho de banda de memoria unificada (el doble que en el chip M2 Pro) y hasta 96 GB de memoria unificada. Permite trabajar con geometr\u00edas 3D complejas y dise\u00f1os de texturas.&nbsp;<\/li><li>Su CPU es&nbsp;<strong>de 12 n\u00facleos de \u00faltima generaci\u00f3n<\/strong>, con hasta 8 de ellos enfocados en el rendimiento y 4 a la eficiencia.<\/li><li>La renderizaci\u00f3n de efectos en Cinema 4D es&nbsp;<strong>hasta seis veces m\u00e1s r\u00e1pida<\/strong>&nbsp;que en MacBook Pro con Intel.&nbsp;<\/li><li>La gradaci\u00f3n de color en DaVinci Resolve es<strong>&nbsp;hasta el doble de r\u00e1pida&nbsp;<\/strong>que en el MacBook Pro con Intel.<\/li><\/ul>\n\n\n\n<p>Fuente. <a href=\"https:\/\/www.apple.com\/la\/macbook-pro\/\" data-type=\"URL\" data-id=\"https:\/\/www.apple.com\/la\/macbook-pro\/\" target=\"_blank\" rel=\"noreferrer noopener\">MacBook Pro &#8211; Apple<\/a>. <\/p>","protected":false},"excerpt":{"rendered":"<p>Apple&nbsp;anunci\u00f3 recientemente la salida de&nbsp;sus nuevos&nbsp;MacBook Pro, disponibles en dos tama\u00f1os de pantalla: de 14 y de 16 pulgadas respectivamente. Greg Joswiak, vicepresidente s\u00e9nior de Marketing Mundial de Apple, apunt\u00f3 que estos productos se destacan &#8220;por un rendimiento m\u00e1s veloz, conectividad mejorada, y la mayor autonom\u00eda nunca vista en un Mac&#8221;. &nbsp;Ventajas La gran noticia &hellip;<\/p>","protected":false},"author":2,"featured_media":18904,"comment_status":"closed","ping_status":"closed","sticky":false,"template":"","format":"standard","meta":{"jetpack_post_was_ever_published":false,"_jetpack_newsletter_access":"","_jetpack_dont_email_post_to_subs":false,"_jetpack_newsletter_tier_id":0,"_jetpack_memberships_contains_paywalled_content":false,"_jetpack_memberships_contains_paid_content":false,"footnotes":"","jetpack_publicize_message":"","jetpack_publicize_feature_enabled":true,"jetpack_social_post_already_shared":true,"jetpack_social_options":{"image_generator_settings":{"template":"highway","default_image_id":0,"font":"","enabled":false},"version":2}},"categories":[5,371],"tags":[1171,1170,1169],"class_list":["post-18899","post","type-post","status-publish","format-standard","has-post-thumbnail","hentry","category-apple","category-mac","tag-m2-max","tag-m2-pro","tag-macbook-pro"],"jetpack_publicize_connections":[],"jetpack_featured_media_url":"https:\/\/www.macquero.com\/wp-content\/uploads\/2023\/01\/co.jpg","jetpack_sharing_enabled":true,"_links":{"self":[{"href":"https:\/\/www.macquero.com\/en\/wp-json\/wp\/v2\/posts\/18899","targetHints":{"allow":["GET"]}}],"collection":[{"href":"https:\/\/www.macquero.com\/en\/wp-json\/wp\/v2\/posts"}],"about":[{"href":"https:\/\/www.macquero.com\/en\/wp-json\/wp\/v2\/types\/post"}],"author":[{"embeddable":true,"href":"https:\/\/www.macquero.com\/en\/wp-json\/wp\/v2\/users\/2"}],"replies":[{"embeddable":true,"href":"https:\/\/www.macquero.com\/en\/wp-json\/wp\/v2\/comments?post=18899"}],"version-history":[{"count":2,"href":"https:\/\/www.macquero.com\/en\/wp-json\/wp\/v2\/posts\/18899\/revisions"}],"predecessor-version":[{"id":18903,"href":"https:\/\/www.macquero.com\/en\/wp-json\/wp\/v2\/posts\/18899\/revisions\/18903"}],"wp:featuredmedia":[{"embeddable":true,"href":"https:\/\/www.macquero.com\/en\/wp-json\/wp\/v2\/media\/18904"}],"wp:attachment":[{"href":"https:\/\/www.macquero.com\/en\/wp-json\/wp\/v2\/media?parent=18899"}],"wp:term":[{"taxonomy":"category","embeddable":true,"href":"https:\/\/www.macquero.com\/en\/wp-json\/wp\/v2\/categories?post=18899"},{"taxonomy":"post_tag","embeddable":true,"href":"https:\/\/www.macquero.com\/en\/wp-json\/wp\/v2\/tags?post=18899"}],"curies":[{"name":"wp","href":"https:\/\/api.w.org\/{rel}","templated":true}]}}