{"id":18886,"date":"2023-01-19T00:20:00","date_gmt":"2023-01-19T06:20:00","guid":{"rendered":"https:\/\/www.macquero.com\/?p=18886"},"modified":"2023-01-19T01:11:19","modified_gmt":"2023-01-19T07:11:19","slug":"apple-presenta-el-nuevo-homepod-con-un-sonido-excepcional","status":"publish","type":"post","link":"https:\/\/www.macquero.com\/en\/2023\/01\/apple-presenta-el-nuevo-homepod-con-un-sonido-excepcional\/","title":{"rendered":"Apple presenta el nuevo HomePod con sonido excepcional."},"content":{"rendered":"<p>Apple ha anunciado hoy&nbsp;el HomePod (2.\u00aa generaci\u00f3n), un potente altavoz inteligente que ofrece una inigualable calidad ac\u00fastica dentro de un dise\u00f1o minimalista. <\/p>\n\n\n\n<p>Gracias a las innovaciones de Apple y a la inteligencia de Siri, el HomePod&nbsp;ofrece audio computacional avanzado&nbsp;para lograr una experiencia ac\u00fastica de alcance innovador, incluyendo compatibilidad con el envolvente audio espacial.&nbsp;<\/p>\n\n\n\n<h2 class=\"wp-block-heading\" id=\"m147-146-148\">Dise\u00f1o elegante<\/h2>\n\n\n\n<p id=\"m152-151-153\">Con una<strong>&nbsp;malla ac\u00fastica sin costuras<\/strong>&nbsp;que deja pasar el&nbsp;sonido&nbsp;y una superficie t\u00e1ctil retroiluminada que se enciende de borde a borde, el nuevo HomePod cuenta con un acabado de dise\u00f1o que luce de manera perfecta en cualquier espacio. <\/p>\n\n\n\n<p id=\"m152-151-153\">El HomePod est\u00e1&nbsp;<strong>disponible en blanco y en medianoche<\/strong>, un nuevo color fabricado con tejido de malla 100 % reciclada, con un cable trenzado a juego.<\/p>\n\n\n\n<h2 class=\"wp-block-heading\" id=\"m157-156-158\">Potencia ac\u00fastica<\/h2>\n\n\n\n<p id=\"m162-161-163\">Es poseedor de unos&nbsp;<strong>graves profundos y definidos<\/strong>&nbsp;junto a unos&nbsp;<strong>agudos asombrosos<\/strong>. <\/p>\n\n\n\n<p id=\"m162-161-163\">Su altavoz de graves de alta gama, posee un potente motor que impulsa el diafragma de 20 mm, un micr\u00f3fono integrado con sistema de ecualizaci\u00f3n y un conjunto de cinco altavoces de agudos con&nbsp;tecnolog\u00eda&nbsp;beamforming&nbsp;hacen posible una gran experiencia de sonido. <\/p>\n\n\n\n<p id=\"m167-166-168\">Gracias a su tecnolog\u00eda de detecci\u00f3n espacial,&nbsp;<strong>HomePod reconoce si el sonido rebota en superficies cercanas<\/strong>. De este modo, determina si se encuentra junto a una pared o sin nada alrededor y, en consecuencia, adapta el sonido en tiempo real. El preciso control direccional del conjunto de cinco altavoces de agudos y tecnolog\u00eda&nbsp;beamforming&nbsp;<strong>separa y dirige el sonido directo y el ambiental&nbsp;<\/strong>para que los usuarios se sumerjan en un universo sonoro de voces cristalinas e instrumentos repletos de matices.<\/p>\n\n\n\n<h2 class=\"wp-block-heading\" id=\"m282-281-283\">Perfecta integraci\u00f3n con el ecosistema de Apple<\/h2>\n\n\n\n<p id=\"m287-286-288\">Gracias a la&nbsp;<strong>tecnolog\u00eda de banda ultraancha<\/strong>, los usuarios podr\u00e1n pasar lo que est\u00e9n escuchando en su&nbsp;iPhone&nbsp;directamente a un HomePod, ya sea una canci\u00f3n, un&nbsp;podcast&nbsp;o una llamada telef\u00f3nica.&nbsp;El dispositivo&nbsp;reconoce hasta seis voces, (as\u00ed que cada persona podr\u00e1 crear sus propias listas), programar recordatorios y a\u00f1adir eventos al calendario.<\/p>\n\n\n\n<figure class=\"wp-block-image size-large\"><img loading=\"lazy\" decoding=\"async\" width=\"940\" height=\"492\" src=\"https:\/\/www.macquero.com\/wp-content\/uploads\/2023\/01\/ep-940x492.jpg\" alt=\"\" class=\"wp-image-18888\" srcset=\"https:\/\/www.macquero.com\/wp-content\/uploads\/2023\/01\/ep-940x492.jpg 940w, https:\/\/www.macquero.com\/wp-content\/uploads\/2023\/01\/ep-620x324.jpg 620w, https:\/\/www.macquero.com\/wp-content\/uploads\/2023\/01\/ep-300x157.jpg 300w, https:\/\/www.macquero.com\/wp-content\/uploads\/2023\/01\/ep-768x402.jpg 768w, https:\/\/www.macquero.com\/wp-content\/uploads\/2023\/01\/ep-18x9.jpg 18w, https:\/\/www.macquero.com\/wp-content\/uploads\/2023\/01\/ep.jpg 1525w\" sizes=\"auto, (max-width: 940px) 100vw, 940px\" \/><figcaption>Ecosistema Apple<\/figcaption><\/figure>\n\n\n\n<blockquote class=\"wp-block-quote is-layout-flow wp-block-quote-is-layout-flow\"><p>Adicionalmente: El HomePod se enlaza f\u00e1cilmente al&nbsp;Apple TV&nbsp;4K para crear una aut\u00e9ntica experiencia de cine en casa. <\/p><\/blockquote>\n\n\n\n<p id=\"m292-291-293\">Adem\u00e1s, la&nbsp;<strong>compatibilidad con canal de retorno de audio (eARC) del Apple TV 4K<\/strong>&nbsp;permite a los usuarios convertir su HomePod en un sistema de audio para todos los dispositivos conectados al televisor. Con Siri en el HomePod, tambi\u00e9n pueden controlar lo que se est\u00e1 reproduciendo en el Apple TV solamente usando su voz.<\/p>\n\n\n\n<h2 class=\"wp-block-heading\" id=\"m341-340-342\">Compatibilidad con Matter<\/h2>\n\n\n\n<p id=\"m346-345-347\">Matter se lanz\u00f3 el pasado oto\u00f1o y permite que los accesorios de dom\u00f3tica funcionen en distintos ecosistemas sin comprometer los m\u00e1s estrictos niveles de seguridad. <\/p>\n\n\n\n<p id=\"m346-345-347\">Junto a otras empresas l\u00edderes del sector,&nbsp;Apple&nbsp;forma parte de la&nbsp;Connectivity Standards Alliance, que se encarga de controlar el est\u00e1ndar de Matter.&nbsp;<strong>HomePod permite vincular y controlar accesorios compatibles con Matter<\/strong>&nbsp;y funciona como centro de control del hogar inteligente para que los usuarios puedan acceder a ellos cuando no est\u00e9n en casa.<\/p>\n\n\n\n<p>\u00a1Una maravilla!<\/p>\n\n\n\n<p>Fuente. <a href=\"https:\/\/www.apple.com\/homepod-2nd-generation\/\" data-type=\"URL\" data-id=\"https:\/\/www.apple.com\/homepod-2nd-generation\/\" target=\"_blank\" rel=\"noreferrer noopener\">Apple &#8211; HomePod<\/a>.<\/p>","protected":false},"excerpt":{"rendered":"<p>Apple ha anunciado hoy&nbsp;el HomePod (2.\u00aa generaci\u00f3n), un potente altavoz inteligente que ofrece una inigualable calidad ac\u00fastica dentro de un dise\u00f1o minimalista. Gracias a las innovaciones de Apple y a la inteligencia de Siri, el HomePod&nbsp;ofrece audio computacional avanzado&nbsp;para lograr una experiencia ac\u00fastica de alcance innovador, incluyendo compatibilidad con el envolvente audio espacial.&nbsp; Dise\u00f1o elegante &hellip;<\/p>","protected":false},"author":2,"featured_media":18892,"comment_status":"closed","ping_status":"closed","sticky":false,"template":"","format":"standard","meta":{"jetpack_post_was_ever_published":false,"_jetpack_newsletter_access":"","_jetpack_dont_email_post_to_subs":false,"_jetpack_newsletter_tier_id":0,"_jetpack_memberships_contains_paywalled_content":false,"_jetpack_memberships_contains_paid_content":false,"footnotes":"","jetpack_publicize_message":"","jetpack_publicize_feature_enabled":true,"jetpack_social_post_already_shared":true,"jetpack_social_options":{"image_generator_settings":{"template":"highway","default_image_id":0,"font":"","enabled":false},"version":2}},"categories":[5,1159,1163,117,19],"tags":[1167,1165,1164,1166,1168],"class_list":["post-18886","post","type-post","status-publish","format-standard","has-post-thumbnail","hentry","category-apple","category-apple-tv-4k","category-homepod","category-ipad","category-iphone","tag-audio","tag-connectivity-standards-alliance","tag-domotica","tag-matter","tag-sonido"],"jetpack_publicize_connections":[],"jetpack_featured_media_url":"https:\/\/www.macquero.com\/wp-content\/uploads\/2023\/01\/Captura-de-pantalla-2023-01-18-a-las-2.20.21-p.-m..png","jetpack_sharing_enabled":true,"_links":{"self":[{"href":"https:\/\/www.macquero.com\/en\/wp-json\/wp\/v2\/posts\/18886","targetHints":{"allow":["GET"]}}],"collection":[{"href":"https:\/\/www.macquero.com\/en\/wp-json\/wp\/v2\/posts"}],"about":[{"href":"https:\/\/www.macquero.com\/en\/wp-json\/wp\/v2\/types\/post"}],"author":[{"embeddable":true,"href":"https:\/\/www.macquero.com\/en\/wp-json\/wp\/v2\/users\/2"}],"replies":[{"embeddable":true,"href":"https:\/\/www.macquero.com\/en\/wp-json\/wp\/v2\/comments?post=18886"}],"version-history":[{"count":5,"href":"https:\/\/www.macquero.com\/en\/wp-json\/wp\/v2\/posts\/18886\/revisions"}],"predecessor-version":[{"id":18902,"href":"https:\/\/www.macquero.com\/en\/wp-json\/wp\/v2\/posts\/18886\/revisions\/18902"}],"wp:featuredmedia":[{"embeddable":true,"href":"https:\/\/www.macquero.com\/en\/wp-json\/wp\/v2\/media\/18892"}],"wp:attachment":[{"href":"https:\/\/www.macquero.com\/en\/wp-json\/wp\/v2\/media?parent=18886"}],"wp:term":[{"taxonomy":"category","embeddable":true,"href":"https:\/\/www.macquero.com\/en\/wp-json\/wp\/v2\/categories?post=18886"},{"taxonomy":"post_tag","embeddable":true,"href":"https:\/\/www.macquero.com\/en\/wp-json\/wp\/v2\/tags?post=18886"}],"curies":[{"name":"wp","href":"https:\/\/api.w.org\/{rel}","templated":true}]}}