{"id":18870,"date":"2023-01-14T09:37:54","date_gmt":"2023-01-14T15:37:54","guid":{"rendered":"https:\/\/www.macquero.com\/?p=18870"},"modified":"2023-01-14T09:37:58","modified_gmt":"2023-01-14T15:37:58","slug":"semana-de-rumores-apple-podria-estar-trabajando-en-una-macbook-pro-con-pantalla-tactil","status":"publish","type":"post","link":"https:\/\/www.macquero.com\/en\/2023\/01\/semana-de-rumores-apple-podria-estar-trabajando-en-una-macbook-pro-con-pantalla-tactil\/","title":{"rendered":"Semana de rumores: Apple podr\u00eda estar trabajando en una MacBook Pro con pantalla t\u00e1ctil."},"content":{"rendered":"<p>A pesar de ser una funcionalidad que el fundador de la compa\u00f1\u00eda, Steve Jobs, siempre rechaz\u00f3, seg\u00fan el periodista y filtrador Mark Gurman los de Cupertino podr\u00edan lanzar este producto en el\u00a0primer trimestre de 2023.<\/p>\n\n\n\n<h2 class=\"wp-block-heading\">Nueva l\u00ednea<\/h2>\n\n\n\n<p id=\"m97-96-98\">Apple est\u00e1 fabricando una nueva versi\u00f3n para su l\u00ednea de computadoras\u00a0<strong>MacBook<\/strong>\u00a0cuya principal novedad es que integra\u00a0<strong>una pantalla con tecnolog\u00eda OLED y t\u00e1ctil<\/strong>, seg\u00fan ha informado recientemente el analista de Bloomberg <a href=\"https:\/\/twitter.com\/markgurman\" data-type=\"URL\" data-id=\"https:\/\/twitter.com\/markgurman\" target=\"_blank\" rel=\"noreferrer noopener\">Mark Gurman<\/a>.<\/p>\n\n\n\n<p id=\"m102-101-103\">A finales de octubre de 2023, Gurman adelant\u00f3 que la actualizaci\u00f3n de estos equipos del tambi\u00e9n fabricante de\u00a0<strong>iPhone<\/strong>\u00a0llegar\u00eda en\u00a0el primer trimestre de 2023.\u00a0El periodista record\u00f3 entonces que la compa\u00f1\u00eda habr\u00eda planeado esta presentaci\u00f3n, a pesar de que la estrategia de lanzamiento habitual de Apple en a\u00f1os anteriores con respecto a los Mac suele darse a finales de a\u00f1o.<\/p>\n\n\n\n<h2 class=\"wp-block-heading\">Cabe destacar<\/h2>\n\n\n\n<p id=\"m191-190-192\">El analista ha recordado que aunque el fundador de la compa\u00f1\u00eda,\u00a0<strong>Steve Jobs<\/strong>, impuls\u00f3 el uso de pantallas t\u00e1ctiles en los m\u00f3viles,\u00a0<strong>insisti\u00f3 en que no las encontraba de utilidad en los dispositivos Mac<\/strong>.<\/p>\n\n\n\n<p id=\"m196-195-197\">El actual CEO de Apple,\u00a0<strong>Tim Cook<\/strong>,\u00a0<strong>ha mantenido esta postura<\/strong>\u00a0a ra\u00edz de ocupar dicho puesto en la empresa, lo que sugiere que la compa\u00f1\u00eda seguramente ha cambiado de opini\u00f3n.<\/p>\n\n\n\n<p>Amanecer\u00e1 y veremos.<\/p>","protected":false},"excerpt":{"rendered":"<p>A pesar de ser una funcionalidad que el fundador de la compa\u00f1\u00eda, Steve Jobs, siempre rechaz\u00f3, seg\u00fan el periodista y filtrador Mark Gurman los de Cupertino podr\u00edan lanzar este producto en el\u00a0primer trimestre de 2023. Nueva l\u00ednea Apple est\u00e1 fabricando una nueva versi\u00f3n para su l\u00ednea de computadoras\u00a0MacBook\u00a0cuya principal novedad es que integra\u00a0una pantalla con &hellip;<\/p>","protected":false},"author":2,"featured_media":18871,"comment_status":"closed","ping_status":"closed","sticky":false,"template":"","format":"standard","meta":{"jetpack_post_was_ever_published":false,"_jetpack_newsletter_access":"","_jetpack_dont_email_post_to_subs":false,"_jetpack_newsletter_tier_id":0,"_jetpack_memberships_contains_paywalled_content":false,"_jetpack_memberships_contains_paid_content":false,"footnotes":"","jetpack_publicize_message":"","jetpack_publicize_feature_enabled":true,"jetpack_social_post_already_shared":true,"jetpack_social_options":{"image_generator_settings":{"template":"highway","default_image_id":0,"font":"","enabled":false},"version":2}},"categories":[5,1054],"tags":[1158,1048],"class_list":["post-18870","post","type-post","status-publish","format-standard","has-post-thumbnail","hentry","category-apple","category-rumores","tag-1158","tag-noticias"],"jetpack_publicize_connections":[],"jetpack_featured_media_url":"https:\/\/www.macquero.com\/wp-content\/uploads\/2023\/01\/cb.jpg","jetpack_sharing_enabled":true,"_links":{"self":[{"href":"https:\/\/www.macquero.com\/en\/wp-json\/wp\/v2\/posts\/18870","targetHints":{"allow":["GET"]}}],"collection":[{"href":"https:\/\/www.macquero.com\/en\/wp-json\/wp\/v2\/posts"}],"about":[{"href":"https:\/\/www.macquero.com\/en\/wp-json\/wp\/v2\/types\/post"}],"author":[{"embeddable":true,"href":"https:\/\/www.macquero.com\/en\/wp-json\/wp\/v2\/users\/2"}],"replies":[{"embeddable":true,"href":"https:\/\/www.macquero.com\/en\/wp-json\/wp\/v2\/comments?post=18870"}],"version-history":[{"count":1,"href":"https:\/\/www.macquero.com\/en\/wp-json\/wp\/v2\/posts\/18870\/revisions"}],"predecessor-version":[{"id":18872,"href":"https:\/\/www.macquero.com\/en\/wp-json\/wp\/v2\/posts\/18870\/revisions\/18872"}],"wp:featuredmedia":[{"embeddable":true,"href":"https:\/\/www.macquero.com\/en\/wp-json\/wp\/v2\/media\/18871"}],"wp:attachment":[{"href":"https:\/\/www.macquero.com\/en\/wp-json\/wp\/v2\/media?parent=18870"}],"wp:term":[{"taxonomy":"category","embeddable":true,"href":"https:\/\/www.macquero.com\/en\/wp-json\/wp\/v2\/categories?post=18870"},{"taxonomy":"post_tag","embeddable":true,"href":"https:\/\/www.macquero.com\/en\/wp-json\/wp\/v2\/tags?post=18870"}],"curies":[{"name":"wp","href":"https:\/\/api.w.org\/{rel}","templated":true}]}}