{"id":18848,"date":"2023-01-13T00:20:00","date_gmt":"2023-01-13T06:20:00","guid":{"rendered":"https:\/\/www.macquero.com\/?p=18848"},"modified":"2023-01-13T14:43:52","modified_gmt":"2023-01-13T20:43:52","slug":"vikingos-valhalla-temporada-2","status":"publish","type":"post","link":"https:\/\/www.macquero.com\/en\/2023\/01\/vikingos-valhalla-temporada-2\/","title":{"rendered":"Vikingos Valhalla. Temporada 2."},"content":{"rendered":"<p>Puntuaci\u00f3n: &#x2b50;&#x2b50;&#x2b50;&#x2b50;&#x2b50;<\/p>\n\n\n\n<p>Hay series definitivas que no pueden dejarse de ver y est\u00e1 es una de ellas&#8230;<\/p>\n\n\n\n<h2 class=\"wp-block-heading\">Sipnosis<\/h2>\n\n\n\n<p>Las aventuras de una nueva generaci\u00f3n de vikingos famosos mientras abren nuevos caminos en una Europa en constante cambio.<\/p>\n\n\n\n<blockquote class=\"wp-block-quote is-layout-flow wp-block-quote-is-layout-flow\"><p>Un poquito lenta en comparaci\u00f3n con la primera temporada pero, con resultados satisfactorios.<\/p><\/blockquote>\n\n\n\n<p>El elenco de la nueva temporada volver\u00e1 a contar con las actuaciones de&nbsp;<a href=\"https:\/\/www.instagram.com\/samcorlett\" data-type=\"URL\" data-id=\"https:\/\/www.instagram.com\/samcorlett\" target=\"_blank\" rel=\"noreferrer noopener\">Sam Corlett<\/a> como&nbsp;Leif Erikson,&nbsp;<a href=\"https:\/\/www.instagram.com\/fridagustavsson\" data-type=\"URL\" data-id=\"https:\/\/www.instagram.com\/fridagustavsson\" target=\"_blank\" rel=\"noreferrer noopener\">Frida Gustavsson<\/a>&nbsp;como Freyd\u00eds Eir\u00edksd\u00f3ttir,&nbsp;<a href=\"https:\/\/www.instagram.com\/leosuterig\" data-type=\"URL\" data-id=\"https:\/\/www.instagram.com\/leosuterig\" target=\"_blank\" rel=\"noreferrer noopener\">Leo Suter<\/a>&nbsp;como Harald Sigurdsson,&nbsp;<a href=\"https:\/\/www.instagram.com\/bradleyfreegard\" data-type=\"URL\" data-id=\"https:\/\/www.instagram.com\/bradleyfreegard\" target=\"_blank\" rel=\"noreferrer noopener\">Bradley Freegard<\/a> como el rey Canuto,&nbsp;<a href=\"https:\/\/www.instagram.com\/johanneshaukur\" data-type=\"URL\" data-id=\"https:\/\/www.instagram.com\/johanneshaukur\" target=\"_blank\" rel=\"noreferrer noopener\">J\u00f3hannes Haukur J\u00f3hannesson<\/a>&nbsp;como&nbsp;Jarl Olaf Haraldsson, <a href=\"https:\/\/www.instagram.com\/laura_berlin\" data-type=\"URL\" data-id=\"https:\/\/www.instagram.com\/laura_berlin\" target=\"_blank\" rel=\"noreferrer noopener\">Laura Berlin<\/a> como&nbsp;Emma de Normand\u00eda, y&nbsp;<a href=\"https:\/\/www.instagram.com\/doakesdoakes\" data-type=\"URL\" data-id=\"https:\/\/www.instagram.com\/doakesdoakes\" target=\"_blank\" rel=\"noreferrer noopener\">David Oakes<\/a> como el conde Godwin.&nbsp;<\/p>\n\n\n\n<blockquote class=\"wp-block-quote is-layout-flow wp-block-quote-is-layout-flow\"><p>Me gustar\u00eda pensar que hay planes, para una tercera entrega porque, todav\u00eda hay mucha tela que cortar. <\/p><\/blockquote>\n\n\n\n<p>Al igual que la primera temporada, la segunda cuenta con 8 episodios. <\/p>\n\n\n\n<p>Si le vas a dar una oportunidad, yo te recomendar\u00eda volver a ver la primera temporada, s\u00ed, otra vez.  <\/p>","protected":false},"excerpt":{"rendered":"<p>Puntuaci\u00f3n: &#x2b50;&#x2b50;&#x2b50;&#x2b50;&#x2b50; Hay series definitivas que no pueden dejarse de ver y est\u00e1 es una de ellas&#8230; Sipnosis Las aventuras de una nueva generaci\u00f3n de vikingos famosos mientras abren nuevos caminos en una Europa en constante cambio. Un poquito lenta en comparaci\u00f3n con la primera temporada pero, con resultados satisfactorios. El elenco de la nueva &hellip;<\/p>","protected":false},"author":2,"featured_media":18851,"comment_status":"closed","ping_status":"closed","sticky":false,"template":"","format":"standard","meta":{"jetpack_post_was_ever_published":false,"_jetpack_newsletter_access":"","_jetpack_dont_email_post_to_subs":false,"_jetpack_newsletter_tier_id":0,"_jetpack_memberships_contains_paywalled_content":false,"_jetpack_memberships_contains_paid_content":false,"footnotes":"","jetpack_publicize_message":"","jetpack_publicize_feature_enabled":true,"jetpack_social_post_already_shared":true,"jetpack_social_options":{"image_generator_settings":{"template":"highway","default_image_id":0,"font":"","enabled":false},"version":2}},"categories":[1102,732],"tags":[682,303,779,829],"class_list":["post-18848","post","type-post","status-publish","format-standard","has-post-thumbnail","hentry","category-favoritos","category-series","tag-accion-y-aventura","tag-drama","tag-emocionante","tag-violento"],"jetpack_publicize_connections":[],"jetpack_featured_media_url":"https:\/\/www.macquero.com\/wp-content\/uploads\/2023\/01\/al-1.jpg","jetpack_sharing_enabled":true,"_links":{"self":[{"href":"https:\/\/www.macquero.com\/en\/wp-json\/wp\/v2\/posts\/18848","targetHints":{"allow":["GET"]}}],"collection":[{"href":"https:\/\/www.macquero.com\/en\/wp-json\/wp\/v2\/posts"}],"about":[{"href":"https:\/\/www.macquero.com\/en\/wp-json\/wp\/v2\/types\/post"}],"author":[{"embeddable":true,"href":"https:\/\/www.macquero.com\/en\/wp-json\/wp\/v2\/users\/2"}],"replies":[{"embeddable":true,"href":"https:\/\/www.macquero.com\/en\/wp-json\/wp\/v2\/comments?post=18848"}],"version-history":[{"count":5,"href":"https:\/\/www.macquero.com\/en\/wp-json\/wp\/v2\/posts\/18848\/revisions"}],"predecessor-version":[{"id":18867,"href":"https:\/\/www.macquero.com\/en\/wp-json\/wp\/v2\/posts\/18848\/revisions\/18867"}],"wp:featuredmedia":[{"embeddable":true,"href":"https:\/\/www.macquero.com\/en\/wp-json\/wp\/v2\/media\/18851"}],"wp:attachment":[{"href":"https:\/\/www.macquero.com\/en\/wp-json\/wp\/v2\/media?parent=18848"}],"wp:term":[{"taxonomy":"category","embeddable":true,"href":"https:\/\/www.macquero.com\/en\/wp-json\/wp\/v2\/categories?post=18848"},{"taxonomy":"post_tag","embeddable":true,"href":"https:\/\/www.macquero.com\/en\/wp-json\/wp\/v2\/tags?post=18848"}],"curies":[{"name":"wp","href":"https:\/\/api.w.org\/{rel}","templated":true}]}}