{"id":18630,"date":"2022-12-06T00:20:00","date_gmt":"2022-12-06T06:20:00","guid":{"rendered":"https:\/\/www.macquero.com\/?p=18630"},"modified":"2022-12-03T00:15:40","modified_gmt":"2022-12-03T06:15:40","slug":"el-baile-de-las-luciernagas-firefly-lane-temporada-2","status":"publish","type":"post","link":"https:\/\/www.macquero.com\/en\/2022\/12\/el-baile-de-las-luciernagas-firefly-lane-temporada-2\/","title":{"rendered":"El baile de las luci\u00e9rnagas. &#8211; Firefly Lane. Temporada 2."},"content":{"rendered":"<p>Puntuaci\u00f3n: &#x2b50;&#x2b50;&#x2b50;&#x2b50;<\/p>\n\n\n\n<p>La segunda temporada ya se encuentra en Netflix, solo alcance a ver el primer episodio as\u00ed que, no puedo decirte que esperar de ella, no s\u00e9, si te sucedi\u00f3 como a m\u00ed, literal me perd\u00ed, creo que debo verla otra vez desde la <a rel=\"noreferrer noopener\" href=\"https:\/\/www.macquero.com\/en\/2021\/02\/estreno-el-baile-de-la-luciernagas-firefly-lane\/\" data-type=\"URL\" data-id=\"https:\/\/www.macquero.com\/2021\/02\/estreno-el-baile-de-la-luciernagas-firefly-lane\/\" target=\"_blank\">primera temporada<\/a>. <\/p>\n\n\n\n<p>Y seg\u00fan yo: s\u00ed requer\u00eda una segunda entrega&#8230; <\/p>\n\n\n\n<p>\u00bfQui\u00e9n sabe?  <\/p>","protected":false},"excerpt":{"rendered":"<p>Puntuaci\u00f3n: &#x2b50;&#x2b50;&#x2b50;&#x2b50; La segunda temporada ya se encuentra en Netflix, solo alcance a ver el primer episodio as\u00ed que, no puedo decirte que esperar de ella, no s\u00e9, si te sucedi\u00f3 como a m\u00ed, literal me perd\u00ed, creo que debo verla otra vez desde la primera temporada. Y seg\u00fan yo: s\u00ed requer\u00eda una segunda entrega&#8230; &hellip;<\/p>","protected":false},"author":2,"featured_media":18631,"comment_status":"closed","ping_status":"closed","sticky":false,"template":"","format":"standard","meta":{"jetpack_post_was_ever_published":false,"_jetpack_newsletter_access":"","_jetpack_dont_email_post_to_subs":false,"_jetpack_newsletter_tier_id":0,"_jetpack_memberships_contains_paywalled_content":false,"_jetpack_memberships_contains_paid_content":false,"footnotes":"","jetpack_publicize_message":"","jetpack_publicize_feature_enabled":true,"jetpack_social_post_already_shared":true,"jetpack_social_options":{"image_generator_settings":{"template":"highway","default_image_id":0,"font":"","enabled":false},"version":2}},"categories":[1007,733],"tags":[775,849],"class_list":["post-18630","post","type-post","status-publish","format-standard","has-post-thumbnail","hentry","category-avances","category-originales-de-netflix","tag-emotivo","tag-intimo"],"jetpack_publicize_connections":[],"jetpack_featured_media_url":"https:\/\/www.macquero.com\/wp-content\/uploads\/2022\/12\/de.jpg","jetpack_sharing_enabled":true,"_links":{"self":[{"href":"https:\/\/www.macquero.com\/en\/wp-json\/wp\/v2\/posts\/18630","targetHints":{"allow":["GET"]}}],"collection":[{"href":"https:\/\/www.macquero.com\/en\/wp-json\/wp\/v2\/posts"}],"about":[{"href":"https:\/\/www.macquero.com\/en\/wp-json\/wp\/v2\/types\/post"}],"author":[{"embeddable":true,"href":"https:\/\/www.macquero.com\/en\/wp-json\/wp\/v2\/users\/2"}],"replies":[{"embeddable":true,"href":"https:\/\/www.macquero.com\/en\/wp-json\/wp\/v2\/comments?post=18630"}],"version-history":[{"count":1,"href":"https:\/\/www.macquero.com\/en\/wp-json\/wp\/v2\/posts\/18630\/revisions"}],"predecessor-version":[{"id":18632,"href":"https:\/\/www.macquero.com\/en\/wp-json\/wp\/v2\/posts\/18630\/revisions\/18632"}],"wp:featuredmedia":[{"embeddable":true,"href":"https:\/\/www.macquero.com\/en\/wp-json\/wp\/v2\/media\/18631"}],"wp:attachment":[{"href":"https:\/\/www.macquero.com\/en\/wp-json\/wp\/v2\/media?parent=18630"}],"wp:term":[{"taxonomy":"category","embeddable":true,"href":"https:\/\/www.macquero.com\/en\/wp-json\/wp\/v2\/categories?post=18630"},{"taxonomy":"post_tag","embeddable":true,"href":"https:\/\/www.macquero.com\/en\/wp-json\/wp\/v2\/tags?post=18630"}],"curies":[{"name":"wp","href":"https:\/\/api.w.org\/{rel}","templated":true}]}}